{"id":115183,"date":"2025-11-25T09:31:07","date_gmt":"2025-11-25T08:31:07","guid":{"rendered":"https:\/\/biblekids.io\/?p=115183"},"modified":"2025-11-27T06:54:12","modified_gmt":"2025-11-27T05:54:12","slug":"guds-rike-horer-barna-til-2","status":"publish","type":"post","link":"https:\/\/biblekids.io\/no\/guds-rike-horer-barna-til-2\/","title":{"rendered":"Guds rike h\u00f8rer barna til"},"content":{"rendered":"\n<div class=\"row\"  id=\"row-272680013\">\n\n\n\t<div id=\"col-437481726\" class=\"col small-12 large-12\"  >\n\t\t\t\t<div class=\"col-inner\"  >\n\t\t\t\n\t\t\t\n\n<p class=\"lead\"><em>\u00abGuds rike jeg h\u00f8rer til!\u00bb\u00a0\u00a0<\/em><\/p>\n<p class=\"lead\"><span data-contrast=\"none\">Sangen ljomer utover storsalen i \u00c5rvoll konferansesenter i Moss. Et kor med rundt 30 barn fremf\u00f8rer sangen. Barna str\u00e5ler mens de synger, de ser p\u00e5 hverandre med glitrende \u00f8yne og vipper i takt med musikken.\u00a0<\/span><span data-ccp-props=\"{&quot;201341983&quot;:0,&quot;335559738&quot;:240,&quot;335559739&quot;:240,&quot;335559740&quot;:276}\">\u00a0<\/span><\/p>\n<p class=\"lead\"><span data-contrast=\"none\">Bible Kids Day er i gang \u2013 en familiedag i BCC Oslo og Follo, med fokus p\u00e5 barn mellom 3 og 12 \u00e5r. I dag er temaet \u00abHimlenes rike\u00bb.<\/span><span data-ccp-props=\"{&quot;201341983&quot;:0,&quot;335559739&quot;:160,&quot;335559740&quot;:276}\">\u00a0<\/span><\/p>\n<figure id=\"attachment_115281\" aria-describedby=\"caption-attachment-115281\" style=\"width: 1920px\" class=\"wp-caption alignleft\"><img loading=\"lazy\" decoding=\"async\" class=\"wp-image-115281 size-full\" src=\"https:\/\/biblekids.io\/wp-content\/uploads\/2025\/11\/2T7A7097-kopi.jpg\" alt=\"\" width=\"1920\" height=\"1280\" \/><figcaption id=\"caption-attachment-115281\" class=\"wp-caption-text\">En del av barnekoret i BCC Oslo og Follo.<\/figcaption><\/figure>\n<p class=\"lead\"><b><span data-contrast=\"none\">M\u00e5let er at barna skal ha en god opplevelse<\/span><\/b><span data-ccp-props=\"{&quot;201341983&quot;:0,&quot;335559739&quot;:160,&quot;335559740&quot;:276}\">\u00a0<br \/><\/span><span data-contrast=\"none\">Noen minutter tidligere: Bakerst i salen st\u00e5r en gruppe av mentorer som forbereder seg til \u00e5 ta imot barna n\u00e5r den f\u00f8rste samlingen er ferdig. Adelia Marques er ansvarlig for arrangementet, og understreker:<\/span><span data-ccp-props=\"{&quot;201341983&quot;:0,&quot;335559739&quot;:160,&quot;335559740&quot;:276}\">\u00a0<\/span><\/p>\n<p class=\"lead\"><em>&#8211; M\u00e5let er at barna skal ha en god opplevelse, at de skal f\u00e5 noe med seg fra dagen, litt av himlenes rike.\u00a0<\/em><\/p>\n<p class=\"lead\"><span data-contrast=\"none\">Det kreves en betydelig frivillig innsats for \u00e5 gjennomf\u00f8re et slikt arrangement. Over 30 mentorer og mange frivillige har lagt ned mye tid i forberedelser, og er en viktig innsatsfaktor for \u00e5 f\u00e5 det hele til \u00e5 fungere.<\/span><\/p>\n<p>\u00a0<\/p>\n<div id='gallery-1' class='gallery galleryid-115183 gallery-columns-3 gallery-size-large'><figure class='gallery-item'>\n\t\t\t<div class='gallery-icon landscape'>\n\t\t\t\t<a href='https:\/\/biblekids.io\/no\/guds-rike-horer-barna-til-2\/2t7a7081-kopi\/#main'><img loading=\"lazy\" decoding=\"async\" width=\"1020\" height=\"680\" src=\"https:\/\/biblekids.io\/wp-content\/uploads\/2025\/11\/2T7A7081-kopi-1200x800.jpg\" class=\"attachment-large size-large\" alt=\"\" aria-describedby=\"gallery-1-115297\" \/><\/a>\n\t\t\t<\/div>\n\t\t\t\t<figcaption class='wp-caption-text gallery-caption' id='gallery-1-115297'>\n\t\t\t\tVelkommen til Bible Kids day om Himlenes rike!\n\t\t\t\t<\/figcaption><\/figure><figure class='gallery-item'>\n\t\t\t<div class='gallery-icon landscape'>\n\t\t\t\t<a href='https:\/\/biblekids.io\/no\/guds-rike-horer-barna-til-2\/2t7a7150-kopi\/#main'><img loading=\"lazy\" decoding=\"async\" width=\"1020\" height=\"680\" src=\"https:\/\/biblekids.io\/wp-content\/uploads\/2025\/11\/2T7A7150-kopi-1200x800.jpg\" class=\"attachment-large size-large\" alt=\"\" aria-describedby=\"gallery-1-115265\" \/><\/a>\n\t\t\t<\/div>\n\t\t\t\t<figcaption class='wp-caption-text gallery-caption' id='gallery-1-115265'>\n\t\t\t\tEt fengende budskap for barna. \n\t\t\t\t<\/figcaption><\/figure><figure class='gallery-item'>\n\t\t\t<div class='gallery-icon landscape'>\n\t\t\t\t<a href='https:\/\/biblekids.io\/no\/guds-rike-horer-barna-til-2\/2t7a7284-kopi-2\/#main'><img loading=\"lazy\" decoding=\"async\" width=\"853\" height=\"569\" src=\"https:\/\/biblekids.io\/wp-content\/uploads\/2025\/11\/2T7A7284-kopi-2.jpg\" class=\"attachment-large size-large\" alt=\"\" aria-describedby=\"gallery-1-115249\" \/><\/a>\n\t\t\t<\/div>\n\t\t\t\t<figcaption class='wp-caption-text gallery-caption' id='gallery-1-115249'>\n\t\t\t\tSpennende dramatisering p\u00e5 scenen.\n\t\t\t\t<\/figcaption><\/figure>\n\t\t<\/div>\n\n\n<p class=\"lead\"><b><span data-contrast=\"none\"><br \/>Himlenes rike inne i oss<br \/><\/span><\/b><span data-contrast=\"none\">Gjermund Haukelids\u00e6ter er programleder for dagen, og introduserer en kortfilm om \u00abHimlenes rike\u00bb. Her forteller barn fra mange ulike land og kulturer om hva de forbinder med temaet, slik at deltakerne f\u00e5r h\u00f8re det fra forskjellige synsvinkler.\u00a0<\/span><span data-ccp-props=\"{&quot;201341983&quot;:0,&quot;335559739&quot;:160,&quot;335559740&quot;:276}\">\u00a0<\/span><\/p>\n<p class=\"lead\"><em>&#8211; Vi kan egentlig ikke finne ord som kan beskrive hvor godt det er i himlenes rike, sier en. \u00a0<\/em><\/p>\n<p class=\"lead\"><span data-contrast=\"none\">Dette tar Gjermund tak i etter at filmen er ferdig, og utdyper videre: <\/span><span data-ccp-props=\"{&quot;201341983&quot;:0,&quot;335559739&quot;:160,&quot;335559740&quot;:276}\">\u00a0<br \/><\/span><em>&#8211; Tenk at vi ogs\u00e5 kan f\u00e5 det slik inne i oss, mens vi lever her.<\/em><span data-ccp-props=\"{&quot;201341983&quot;:0,&quot;335559739&quot;:160,&quot;335559740&quot;:276}\">\u00a0<\/span><\/p>\n<p class=\"lead\"><span data-contrast=\"none\">Han viser til Jesu egne ord i b\u00f8nnen \u00abFader v\u00e5r\u00bb; <em>\u00abKomme ditt rike. Skje din vilje, som i himmelen, s\u00e5 \u00f2g p\u00e5 jorden\u00bb<\/em> (Matt. 6, 10).<\/span><span data-ccp-props=\"{&quot;201341983&quot;:0,&quot;335559739&quot;:160,&quot;335559740&quot;:276}\">\u00a0<\/span><\/p>\n<p class=\"lead\"><span data-contrast=\"none\">Gjermund snakker ogs\u00e5 om samvittigheten alle har inni seg, som er et viktig kompass, eller \u00abGPS\u00bb, som Gud har gitt oss for \u00e5 hjelpe oss. Og hvor viktig det er \u00e5 v\u00e6re \u00e6rlig.\u00a0<\/span><span data-ccp-props=\"{&quot;201341983&quot;:0,&quot;335559739&quot;:160,&quot;335559740&quot;:276}\">\u00a0<\/span><\/p>\n<p class=\"lead\"><span data-contrast=\"none\"><em>&#8211; Den t\u00f8ffeste er den som alltid sier sannheten. Og som t\u00f8r \u00e5 be om unnskyldning,<\/em> sier Gjermund. <\/span><span data-ccp-props=\"{&quot;201341983&quot;:0,&quot;335559739&quot;:160,&quot;335559740&quot;:276}\">\u00a0<\/span><\/p>\n<p class=\"lead\"><span data-contrast=\"none\">Hele formidlingen har gjennomg\u00e5ende fokus p\u00e5 at barna h\u00f8rer himmelens rike til \u2013 det skal v\u00e6re en trygghet og en glede for alle barn. <\/span><span data-ccp-props=\"{&quot;201341983&quot;:0,&quot;335559739&quot;:160,&quot;335559740&quot;:276}\">\u00a0<\/span><\/p>\n<p class=\"lead\"><span data-contrast=\"none\">Etter at samlingen i <\/span><span data-contrast=\"none\">salen er ferdig str\u00f8mmer barna ut for \u00e5 spise, f\u00f8r de g\u00e5r l\u00f8s p\u00e5 postl\u00f8pet som er gjort klart rundt p\u00e5 omr\u00e5det. Her deltar de i en rekke ulike aktiviteter og oppgaver, som alle er knyttet til temaet<\/span><span data-contrast=\"none\">.<\/span><span data-ccp-props=\"{&quot;201341983&quot;:0,&quot;335559739&quot;:160,&quot;335559740&quot;:276}\">\u00a0<\/span><\/p>\n<p class=\"lead\"><b><span data-contrast=\"none\">\u2013 Evangeliet er noe godt og trygt<\/span><\/b><span data-ccp-props=\"{&quot;201341983&quot;:0,&quot;335559739&quot;:160,&quot;335559740&quot;:276}\">\u00a0<br \/><\/span><span data-contrast=\"none\">Oppe i annen etasje treffer jeg Tonje Gihl Bratlie. Hun er med som mentor for barna, og har blant annet laget en quiz. P\u00e5 sp\u00f8rsm\u00e5l om hva det betyr for henne personlig \u00e5 se barna s\u00e5 engasjert i bibelhistoriene, svarer Tonje kontant: <\/span><span data-ccp-props=\"{&quot;201341983&quot;:0,&quot;335559739&quot;:160,&quot;335559740&quot;:276}\">\u00a0<br \/><\/span><em>&#8211; Det er jo veldig r\u00f8rende! Jeg ser at historiene gj\u00f8r inntrykk p\u00e5 dem, og ikke minst at de kan relatere det til ting de opplever i sin hverdag. \u00a0<\/em><\/p>\n<p class=\"lead\">Hva \u00f8nsker du at barna skal sitte igjen med?<span data-ccp-props=\"{&quot;201341983&quot;:0,&quot;335559739&quot;:160,&quot;335559740&quot;:276}\">\u00a0<br \/><\/span><em>&#8211; At barna h\u00f8rer himlenes rike til, at det er fremtid og h\u00e5p for dem. Evangeliet er noe godt og trygt, som gj\u00f8r at man f\u00e5r det godt i livet.\u00a0<br \/><\/em><\/p>\n<p>\u00a0<\/p>\n<div id='gallery-2' class='gallery galleryid-115183 gallery-columns-3 gallery-size-large'><figure class='gallery-item'>\n\t\t\t<div class='gallery-icon landscape'>\n\t\t\t\t<a href='https:\/\/biblekids.io\/no\/guds-rike-horer-barna-til-2\/2t7a7508-kopi\/#main'><img loading=\"lazy\" decoding=\"async\" width=\"1020\" height=\"680\" src=\"https:\/\/biblekids.io\/wp-content\/uploads\/2025\/11\/2T7A7508-kopi-1200x800.jpg\" class=\"attachment-large size-large\" alt=\"\" aria-describedby=\"gallery-2-115233\" \/><\/a>\n\t\t\t<\/div>\n\t\t\t\t<figcaption class='wp-caption-text gallery-caption' id='gallery-2-115233'>\n\t\t\t\tMentorer og frivillige er en suksessfaktor.\n\t\t\t\t<\/figcaption><\/figure><figure class='gallery-item'>\n\t\t\t<div class='gallery-icon landscape'>\n\t\t\t\t<a href='https:\/\/biblekids.io\/no\/guds-rike-horer-barna-til-2\/2t7a7548-kopi\/#main'><img loading=\"lazy\" decoding=\"async\" width=\"1020\" height=\"680\" src=\"https:\/\/biblekids.io\/wp-content\/uploads\/2025\/11\/2T7A7548-kopi-1200x800.jpg\" class=\"attachment-large size-large\" alt=\"\" aria-describedby=\"gallery-2-115201\" \/><\/a>\n\t\t\t<\/div>\n\t\t\t\t<figcaption class='wp-caption-text gallery-caption' id='gallery-2-115201'>\n\t\t\t\tEn av mentorene, Tonje Gihl Bratlie.\n\t\t\t\t<\/figcaption><\/figure><figure class='gallery-item'>\n\t\t\t<div class='gallery-icon landscape'>\n\t\t\t\t<a href='https:\/\/biblekids.io\/no\/guds-rike-horer-barna-til-2\/2t7a7582-kopi-1\/#main'><img loading=\"lazy\" decoding=\"async\" width=\"1020\" height=\"680\" src=\"https:\/\/biblekids.io\/wp-content\/uploads\/2025\/11\/2T7A7582-kopi-1-1200x800.jpg\" class=\"attachment-large size-large\" alt=\"\" aria-describedby=\"gallery-2-115185\" \/><\/a>\n\t\t\t<\/div>\n\t\t\t\t<figcaption class='wp-caption-text gallery-caption' id='gallery-2-115185'>\n\t\t\t\tEn forn\u00f8yd jentegjeng. \n\t\t\t\t<\/figcaption><\/figure>\n\t\t<\/div>\n\n\n<p class=\"lead\"><b><span data-contrast=\"none\"><br \/>Hva mener barna?<\/span><\/b><span data-ccp-props=\"{&quot;201341983&quot;:0,&quot;335559739&quot;:160,&quot;335559740&quot;:276}\"> <br \/><\/span><span data-contrast=\"none\">I foajeen treffer jeg p\u00e5 en gjeng gutter, blant annet femteklassingene Kayden og Ole.\u00a0<\/span><span data-ccp-props=\"{&quot;201341983&quot;:0,&quot;335559739&quot;:160,&quot;335559740&quot;:276}\">\u00a0<\/span><\/p>\n<p class=\"lead\">Hva likte dere best med dagen?\u00a0<span data-ccp-props=\"{&quot;201341983&quot;:0,&quot;335559739&quot;:160,&quot;335559740&quot;:276}\">\u00a0<br \/><\/span><em>&#8211; Det er g\u00f8y \u00e5 v\u00e6re sammen med venner, og g\u00e5 p\u00e5 stasjonene i postl\u00f8pet. Og \u00e5 l\u00e6re om Bibelen og s\u00e5nn, sier Kayden.\u00a0<\/em><\/p>\n<p class=\"lead\">Har dere l\u00e6rt noe i dag?<span data-ccp-props=\"{&quot;201341983&quot;:0,&quot;335559739&quot;:160,&quot;335559740&quot;:276}\">\u00a0<br \/><\/span><span data-contrast=\"none\"><em>&#8211; Gud tok sennepsfr\u00f8et som et eksempel p\u00e5 at vi kan f\u00e5 himmelen i hjertet v\u00e5rt. N\u00e5r vi gj\u00f8r det gode, kan det gro og vokse, sier Ole.<\/em> <\/span><span data-ccp-props=\"{&quot;201341983&quot;:0,&quot;335559739&quot;:0,&quot;335559740&quot;:276}\">\u00a0<\/span><\/p>\n<p class=\"lead\"><span data-contrast=\"none\">En jentegjeng p\u00e5 samme alder er ogs\u00e5 samstemte om at det har v\u00e6rt en bra dag. <\/span><span data-ccp-props=\"{&quot;201341983&quot;:0,&quot;335559739&quot;:160,&quot;335559740&quot;:276}\">\u00a0<\/span><\/p>\n<p class=\"lead\">Hva var det g\u00f8yeste?<span data-ccp-props=\"{&quot;201341983&quot;:0,&quot;335559739&quot;:160,&quot;335559740&quot;:276}\">\u00a0<br \/><\/span><span data-contrast=\"none\"><em>&#8211; \u00ab\u00c5 synge\u00bb sier de i kor.<\/em> <\/span><span data-ccp-props=\"{&quot;201341983&quot;:0,&quot;335559739&quot;:0,&quot;335559740&quot;:276}\">\u00a0<\/span><\/p>\n<p class=\"lead\">Hva har dere l\u00e6rt i dag?\u00a0<span data-ccp-props=\"{&quot;201341983&quot;:0,&quot;335559739&quot;:160,&quot;335559740&quot;:276}\">\u00a0<br \/><\/span><em>&#8211; At alle barna h\u00f8rer til i himmelen.\u00a0<\/em><\/p>\n<figure id=\"attachment_115217\" aria-describedby=\"caption-attachment-115217\" style=\"width: 1920px\" class=\"wp-caption alignright\"><img loading=\"lazy\" decoding=\"async\" class=\"wp-image-115217 size-full\" src=\"https:\/\/biblekids.io\/wp-content\/uploads\/2025\/11\/2T7A7517-kopi.jpg\" alt=\"\" width=\"1920\" height=\"1280\" \/><figcaption id=\"caption-attachment-115217\" class=\"wp-caption-text\">Engasjerende postl\u00f8p for store og sm\u00e5.<\/figcaption><\/figure>\n<p>\u00a0<\/p>\n<p class=\"lead\"><b><span data-contrast=\"none\">H\u00e5pet er at noe av det de har h\u00f8rt kommer ned i hjertet<\/span><\/b><span data-ccp-props=\"{&quot;201341983&quot;:0,&quot;335559739&quot;:160,&quot;335559740&quot;:276}\">\u00a0<br \/><\/span><span data-contrast=\"none\">Mot slutten av dagen m\u00f8ter jeg Adelia igjen, som snart er ferdig med dagens oppgaver. Jeg sp\u00f8r henne hva hun tenker om barnas engasjement i bibelhistoriene:\u00a0<\/span><span data-ccp-props=\"{&quot;201341983&quot;:0,&quot;335559739&quot;:160,&quot;335559740&quot;:276}\">\u00a0<br \/><\/span><span data-contrast=\"none\"><em>&#8211; F\u00f8rst og fremst h\u00e5per jeg det var engasjerende,<\/em> ler hun og fortsetter:<\/span> \u00a0<\/p>\n<p class=\"lead\"><em>&#8211; Jeg synes det er r\u00f8rende \u00e5 se barna som sitter der stille og h\u00f8rer p\u00e5, og h\u00e5per at noe av det de har h\u00f8rt kan komme ned i hjertet, og bli til hjelp for dem i dagliglivet.<\/em><span data-ccp-props=\"{&quot;201341983&quot;:0,&quot;335559739&quot;:0,&quot;335559740&quot;:276}\">\u00a0<\/span><\/p>\n<p class=\"lead\"><span data-contrast=\"none\">Adelia poengterer at selv om det er en familiedag, handler det ogs\u00e5 om \u00e5 oppfylle Jesu misjonsbefaling, n\u00e5r han oppfordret oss til \u00e5 gj\u00f8re folkeslag til disipler.\u00a0<\/span><span data-ccp-props=\"{&quot;201341983&quot;:0,&quot;335559739&quot;:0,&quot;335559740&quot;:276}\">\u00a0<\/span><\/p>\n<p class=\"lead\"><em>&#8211; Det arbeidet vi driver med her er jo misjon. Det betyr jo alt for meg som selv har barn, at vi virkelig satser p\u00e5 barna, og tilrettelegger for at de kan ha det bra og f\u00e5 en trygg og god barnetro med seg videre i livet. \u00a0<\/em><\/p>\n<p>\u00a0<\/p>\n<div class=\"is-divider divider clearfix\" ><\/div>\n\n<h3>Om Bible Kids Day<\/h3>\n<p class=\"lead\">Bible Kids Day er et initiativ fra BCC Media som har som m\u00e5l \u00e5 levendegj\u00f8re Bibelens fortellinger for barn gjennom fysiske aktiviteter og engasjerende innhold. Dagen er basert p\u00e5 filmer produsert av BCC Media, som presenterer sentrale fortellinger fra Bibelen p\u00e5 en m\u00e5te som er lett for barn \u00e5 forst\u00e5 og forholde seg til. Du kan se alle Bible Kids-filmene her p\u00e5 biblekids.io eller i Bible Kids-appen, som ogs\u00e5 tilbyr ressurser for familier og menigheter til \u00e5 utforske Bibelen sammen.<\/p>\n\n\t\t<\/div>\n\t\t\t\t\t<\/div>\n\n\t\n\n<\/div>\n\n\n\n<p><\/p>\n","protected":false},"excerpt":{"rendered":"<p>Les mer om hvordan det gikk da over 200 barn var samlet til en opplevelsesrik dag med fokus p\u00e5 himlenes rike. For hva er egentlig himlenes rike \u2013 og hva betyr det for et barn?<\/p>\n","protected":false},"author":16409,"featured_media":115281,"comment_status":"closed","ping_status":"closed","sticky":false,"template":"","format":"standard","meta":{"_acf_changed":false,"bcc_login_visibility":1,"bcc_groups":[],"bcc_groups_email":true,"bcc_visibility_groups":[],"bcc_visibility_groups_email":false,"sent_notifications":[],"footnotes":"","_links_to":"","_links_to_target":""},"categories":[127],"tags":[],"class_list":["post-115183","post","type-post","status-publish","format-standard","has-post-thumbnail","hentry","category-aktuelt"],"acf":[],"yoast_head":"<!-- This site is optimized with the Yoast SEO plugin v27.4 - https:\/\/yoast.com\/product\/yoast-seo-wordpress\/ -->\n<title>Guds rike h\u00f8rer barna til - Bible Kids - Medieressurser til s\u00f8ndagsskoler<\/title>\n<meta name=\"description\" content=\"&quot;Bible Kids Day&quot; er en dag spesielt for barna. Les hvordan p\u00e5skefortellingen ble levende blant annet for barna i Didcot i England.\" \/>\n<meta name=\"robots\" content=\"index, follow, max-snippet:-1, max-image-preview:large, max-video-preview:-1\" \/>\n<link rel=\"canonical\" href=\"https:\/\/biblekids.io\/no\/guds-rike-horer-barna-til-2\/\" \/>\n<meta property=\"og:locale\" content=\"nb_NO\" \/>\n<meta property=\"og:type\" content=\"article\" \/>\n<meta property=\"og:title\" content=\"Guds rike h\u00f8rer barna til - Bible Kids - Medieressurser til s\u00f8ndagsskoler\" \/>\n<meta property=\"og:description\" content=\"&quot;Bible Kids Day&quot; er en dag spesielt for barna. Les hvordan p\u00e5skefortellingen ble levende blant annet for barna i Didcot i England.\" \/>\n<meta property=\"og:url\" content=\"https:\/\/biblekids.io\/no\/guds-rike-horer-barna-til-2\/\" \/>\n<meta property=\"og:site_name\" content=\"Bible Kids - Medieressurser til s\u00f8ndagsskoler\" \/>\n<meta property=\"article:published_time\" content=\"2025-11-25T08:31:07+00:00\" \/>\n<meta property=\"article:modified_time\" content=\"2025-11-27T05:54:12+00:00\" \/>\n<meta property=\"og:image\" content=\"https:\/\/biblekids.io\/wp-content\/uploads\/2025\/11\/2T7A7097-kopi.jpg\" \/>\n\t<meta property=\"og:image:width\" content=\"1920\" \/>\n\t<meta property=\"og:image:height\" content=\"1280\" \/>\n\t<meta property=\"og:image:type\" content=\"image\/jpeg\" \/>\n<meta name=\"author\" content=\"Ingrid V\u00e5rdal Kristoffersen\" \/>\n<meta name=\"twitter:card\" content=\"summary_large_image\" \/>\n<meta name=\"twitter:label1\" content=\"Skrevet av\" \/>\n\t<meta name=\"twitter:data1\" content=\"Ingrid V\u00e5rdal Kristoffersen\" \/>\n\t<meta name=\"twitter:label2\" content=\"Ansl. lesetid\" \/>\n\t<meta name=\"twitter:data2\" content=\"6 minutter\" \/>\n<script type=\"application\/ld+json\" class=\"yoast-schema-graph\">{\"@context\":\"https:\\\/\\\/schema.org\",\"@graph\":[{\"@type\":\"Article\",\"@id\":\"https:\\\/\\\/biblekids.io\\\/no\\\/guds-rike-horer-barna-til-2\\\/#article\",\"isPartOf\":{\"@id\":\"https:\\\/\\\/biblekids.io\\\/no\\\/guds-rike-horer-barna-til-2\\\/\"},\"author\":{\"name\":\"Ingrid V\u00e5rdal Kristoffersen\",\"@id\":\"https:\\\/\\\/biblekids.io\\\/no\\\/#\\\/schema\\\/person\\\/a9d0483fec9b7a58edb52584f2fd349c\"},\"headline\":\"Guds rike h\u00f8rer barna til\",\"datePublished\":\"2025-11-25T08:31:07+00:00\",\"dateModified\":\"2025-11-27T05:54:12+00:00\",\"mainEntityOfPage\":{\"@id\":\"https:\\\/\\\/biblekids.io\\\/no\\\/guds-rike-horer-barna-til-2\\\/\"},\"wordCount\":980,\"image\":{\"@id\":\"https:\\\/\\\/biblekids.io\\\/no\\\/guds-rike-horer-barna-til-2\\\/#primaryimage\"},\"thumbnailUrl\":\"https:\\\/\\\/biblekids.io\\\/wp-content\\\/uploads\\\/2025\\\/11\\\/2T7A7097-kopi.jpg\",\"articleSection\":[\"Aktuelt\"],\"inLanguage\":\"nb-NO\"},{\"@type\":\"WebPage\",\"@id\":\"https:\\\/\\\/biblekids.io\\\/no\\\/guds-rike-horer-barna-til-2\\\/\",\"url\":\"https:\\\/\\\/biblekids.io\\\/no\\\/guds-rike-horer-barna-til-2\\\/\",\"name\":\"Guds rike h\u00f8rer barna til - Bible Kids - Medieressurser til s\u00f8ndagsskoler\",\"isPartOf\":{\"@id\":\"https:\\\/\\\/biblekids.io\\\/no\\\/#website\"},\"primaryImageOfPage\":{\"@id\":\"https:\\\/\\\/biblekids.io\\\/no\\\/guds-rike-horer-barna-til-2\\\/#primaryimage\"},\"image\":{\"@id\":\"https:\\\/\\\/biblekids.io\\\/no\\\/guds-rike-horer-barna-til-2\\\/#primaryimage\"},\"thumbnailUrl\":\"https:\\\/\\\/biblekids.io\\\/wp-content\\\/uploads\\\/2025\\\/11\\\/2T7A7097-kopi.jpg\",\"datePublished\":\"2025-11-25T08:31:07+00:00\",\"dateModified\":\"2025-11-27T05:54:12+00:00\",\"author\":{\"@id\":\"https:\\\/\\\/biblekids.io\\\/no\\\/#\\\/schema\\\/person\\\/a9d0483fec9b7a58edb52584f2fd349c\"},\"description\":\"\\\"Bible Kids Day\\\" er en dag spesielt for barna. Les hvordan p\u00e5skefortellingen ble levende blant annet for barna i Didcot i England.\",\"breadcrumb\":{\"@id\":\"https:\\\/\\\/biblekids.io\\\/no\\\/guds-rike-horer-barna-til-2\\\/#breadcrumb\"},\"inLanguage\":\"nb-NO\",\"potentialAction\":[{\"@type\":\"ReadAction\",\"target\":[\"https:\\\/\\\/biblekids.io\\\/no\\\/guds-rike-horer-barna-til-2\\\/\"]}]},{\"@type\":\"ImageObject\",\"inLanguage\":\"nb-NO\",\"@id\":\"https:\\\/\\\/biblekids.io\\\/no\\\/guds-rike-horer-barna-til-2\\\/#primaryimage\",\"url\":\"https:\\\/\\\/biblekids.io\\\/wp-content\\\/uploads\\\/2025\\\/11\\\/2T7A7097-kopi.jpg\",\"contentUrl\":\"https:\\\/\\\/biblekids.io\\\/wp-content\\\/uploads\\\/2025\\\/11\\\/2T7A7097-kopi.jpg\",\"width\":1920,\"height\":1280},{\"@type\":\"BreadcrumbList\",\"@id\":\"https:\\\/\\\/biblekids.io\\\/no\\\/guds-rike-horer-barna-til-2\\\/#breadcrumb\",\"itemListElement\":[{\"@type\":\"ListItem\",\"position\":1,\"name\":\"Hjem\",\"item\":\"https:\\\/\\\/biblekids.io\\\/no\\\/\"},{\"@type\":\"ListItem\",\"position\":2,\"name\":\"Guds rike h\u00f8rer barna til\"}]},{\"@type\":\"WebSite\",\"@id\":\"https:\\\/\\\/biblekids.io\\\/no\\\/#website\",\"url\":\"https:\\\/\\\/biblekids.io\\\/no\\\/\",\"name\":\"Bible Kids - Medieressurser til s\u00f8ndagsskoler\",\"description\":\"Bibelhistorier for barn\",\"potentialAction\":[{\"@type\":\"SearchAction\",\"target\":{\"@type\":\"EntryPoint\",\"urlTemplate\":\"https:\\\/\\\/biblekids.io\\\/no\\\/?s={search_term_string}\"},\"query-input\":{\"@type\":\"PropertyValueSpecification\",\"valueRequired\":true,\"valueName\":\"search_term_string\"}}],\"inLanguage\":\"nb-NO\"},{\"@type\":\"Person\",\"@id\":\"https:\\\/\\\/biblekids.io\\\/no\\\/#\\\/schema\\\/person\\\/a9d0483fec9b7a58edb52584f2fd349c\",\"name\":\"Ingrid V\u00e5rdal Kristoffersen\",\"url\":\"https:\\\/\\\/biblekids.io\\\/no\\\/author\\\/ingridkristoffersen-tv\\\/\"}]}<\/script>\n<!-- \/ Yoast SEO plugin. -->","yoast_head_json":{"title":"Guds rike h\u00f8rer barna til - Bible Kids - Medieressurser til s\u00f8ndagsskoler","description":"\"Bible Kids Day\" er en dag spesielt for barna. Les hvordan p\u00e5skefortellingen ble levende blant annet for barna i Didcot i England.","robots":{"index":"index","follow":"follow","max-snippet":"max-snippet:-1","max-image-preview":"max-image-preview:large","max-video-preview":"max-video-preview:-1"},"canonical":"https:\/\/biblekids.io\/no\/guds-rike-horer-barna-til-2\/","og_locale":"nb_NO","og_type":"article","og_title":"Guds rike h\u00f8rer barna til - Bible Kids - Medieressurser til s\u00f8ndagsskoler","og_description":"\"Bible Kids Day\" er en dag spesielt for barna. Les hvordan p\u00e5skefortellingen ble levende blant annet for barna i Didcot i England.","og_url":"https:\/\/biblekids.io\/no\/guds-rike-horer-barna-til-2\/","og_site_name":"Bible Kids - Medieressurser til s\u00f8ndagsskoler","article_published_time":"2025-11-25T08:31:07+00:00","article_modified_time":"2025-11-27T05:54:12+00:00","og_image":[{"width":1920,"height":1280,"url":"https:\/\/biblekids.io\/wp-content\/uploads\/2025\/11\/2T7A7097-kopi.jpg","type":"image\/jpeg"}],"author":"Ingrid V\u00e5rdal Kristoffersen","twitter_card":"summary_large_image","twitter_misc":{"Skrevet av":"Ingrid V\u00e5rdal Kristoffersen","Ansl. lesetid":"6 minutter"},"schema":{"@context":"https:\/\/schema.org","@graph":[{"@type":"Article","@id":"https:\/\/biblekids.io\/no\/guds-rike-horer-barna-til-2\/#article","isPartOf":{"@id":"https:\/\/biblekids.io\/no\/guds-rike-horer-barna-til-2\/"},"author":{"name":"Ingrid V\u00e5rdal Kristoffersen","@id":"https:\/\/biblekids.io\/no\/#\/schema\/person\/a9d0483fec9b7a58edb52584f2fd349c"},"headline":"Guds rike h\u00f8rer barna til","datePublished":"2025-11-25T08:31:07+00:00","dateModified":"2025-11-27T05:54:12+00:00","mainEntityOfPage":{"@id":"https:\/\/biblekids.io\/no\/guds-rike-horer-barna-til-2\/"},"wordCount":980,"image":{"@id":"https:\/\/biblekids.io\/no\/guds-rike-horer-barna-til-2\/#primaryimage"},"thumbnailUrl":"https:\/\/biblekids.io\/wp-content\/uploads\/2025\/11\/2T7A7097-kopi.jpg","articleSection":["Aktuelt"],"inLanguage":"nb-NO"},{"@type":"WebPage","@id":"https:\/\/biblekids.io\/no\/guds-rike-horer-barna-til-2\/","url":"https:\/\/biblekids.io\/no\/guds-rike-horer-barna-til-2\/","name":"Guds rike h\u00f8rer barna til - Bible Kids - Medieressurser til s\u00f8ndagsskoler","isPartOf":{"@id":"https:\/\/biblekids.io\/no\/#website"},"primaryImageOfPage":{"@id":"https:\/\/biblekids.io\/no\/guds-rike-horer-barna-til-2\/#primaryimage"},"image":{"@id":"https:\/\/biblekids.io\/no\/guds-rike-horer-barna-til-2\/#primaryimage"},"thumbnailUrl":"https:\/\/biblekids.io\/wp-content\/uploads\/2025\/11\/2T7A7097-kopi.jpg","datePublished":"2025-11-25T08:31:07+00:00","dateModified":"2025-11-27T05:54:12+00:00","author":{"@id":"https:\/\/biblekids.io\/no\/#\/schema\/person\/a9d0483fec9b7a58edb52584f2fd349c"},"description":"\"Bible Kids Day\" er en dag spesielt for barna. Les hvordan p\u00e5skefortellingen ble levende blant annet for barna i Didcot i England.","breadcrumb":{"@id":"https:\/\/biblekids.io\/no\/guds-rike-horer-barna-til-2\/#breadcrumb"},"inLanguage":"nb-NO","potentialAction":[{"@type":"ReadAction","target":["https:\/\/biblekids.io\/no\/guds-rike-horer-barna-til-2\/"]}]},{"@type":"ImageObject","inLanguage":"nb-NO","@id":"https:\/\/biblekids.io\/no\/guds-rike-horer-barna-til-2\/#primaryimage","url":"https:\/\/biblekids.io\/wp-content\/uploads\/2025\/11\/2T7A7097-kopi.jpg","contentUrl":"https:\/\/biblekids.io\/wp-content\/uploads\/2025\/11\/2T7A7097-kopi.jpg","width":1920,"height":1280},{"@type":"BreadcrumbList","@id":"https:\/\/biblekids.io\/no\/guds-rike-horer-barna-til-2\/#breadcrumb","itemListElement":[{"@type":"ListItem","position":1,"name":"Hjem","item":"https:\/\/biblekids.io\/no\/"},{"@type":"ListItem","position":2,"name":"Guds rike h\u00f8rer barna til"}]},{"@type":"WebSite","@id":"https:\/\/biblekids.io\/no\/#website","url":"https:\/\/biblekids.io\/no\/","name":"Bible Kids - Medieressurser til s\u00f8ndagsskoler","description":"Bibelhistorier for barn","potentialAction":[{"@type":"SearchAction","target":{"@type":"EntryPoint","urlTemplate":"https:\/\/biblekids.io\/no\/?s={search_term_string}"},"query-input":{"@type":"PropertyValueSpecification","valueRequired":true,"valueName":"search_term_string"}}],"inLanguage":"nb-NO"},{"@type":"Person","@id":"https:\/\/biblekids.io\/no\/#\/schema\/person\/a9d0483fec9b7a58edb52584f2fd349c","name":"Ingrid V\u00e5rdal Kristoffersen","url":"https:\/\/biblekids.io\/no\/author\/ingridkristoffersen-tv\/"}]}},"_links":{"self":[{"href":"https:\/\/biblekids.io\/no\/wp-json\/wp\/v2\/posts\/115183","targetHints":{"allow":["GET"]}}],"collection":[{"href":"https:\/\/biblekids.io\/no\/wp-json\/wp\/v2\/posts"}],"about":[{"href":"https:\/\/biblekids.io\/no\/wp-json\/wp\/v2\/types\/post"}],"author":[{"embeddable":true,"href":"https:\/\/biblekids.io\/no\/wp-json\/wp\/v2\/users\/16409"}],"replies":[{"embeddable":true,"href":"https:\/\/biblekids.io\/no\/wp-json\/wp\/v2\/comments?post=115183"}],"version-history":[{"count":38,"href":"https:\/\/biblekids.io\/no\/wp-json\/wp\/v2\/posts\/115183\/revisions"}],"predecessor-version":[{"id":115357,"href":"https:\/\/biblekids.io\/no\/wp-json\/wp\/v2\/posts\/115183\/revisions\/115357"}],"wp:featuredmedia":[{"embeddable":true,"href":"https:\/\/biblekids.io\/no\/wp-json\/wp\/v2\/media\/115281"}],"wp:attachment":[{"href":"https:\/\/biblekids.io\/no\/wp-json\/wp\/v2\/media?parent=115183"}],"wp:term":[{"taxonomy":"category","embeddable":true,"href":"https:\/\/biblekids.io\/no\/wp-json\/wp\/v2\/categories?post=115183"},{"taxonomy":"post_tag","embeddable":true,"href":"https:\/\/biblekids.io\/no\/wp-json\/wp\/v2\/tags?post=115183"}],"curies":[{"name":"wp","href":"https:\/\/api.w.org\/{rel}","templated":true}]}}