{"id":63965,"date":"2023-06-28T13:25:48","date_gmt":"2023-06-28T11:25:48","guid":{"rendered":"https:\/\/biblekids.io\/?p=63965"},"modified":"2024-10-09T14:52:29","modified_gmt":"2024-10-09T12:52:29","slug":"hor-ham-kristent-barnemote-med-musikal","status":"publish","type":"post","link":"https:\/\/biblekids.io\/no\/hor-ham-kristent-barnemote-med-musikal\/","title":{"rendered":"Historien om Marta og Maria"},"content":{"rendered":"\n\n\t<section class=\"section\" id=\"section_1404450413\">\n\t\t<div class=\"section-bg fill\" >\n\t\t\t\t\t\t\t\t\t\n\t\t\t\n\n\t\t<\/div>\n\n\t\t\n\n\t\t<div class=\"section-content relative\">\n\t\t\t\n\n<div class=\"row\"  id=\"row-567289035\">\n\n\n\t<div id=\"col-1055542520\" class=\"col small-12 large-12\"  >\n\t\t\t\t<div class=\"col-inner\"  >\n\t\t\t\n\t\t\t\n\n<p class=\"lead\"><em>Opptak av barnem\u00f8te, direktesendt fra Brunstad den 19. juli 2022, med b\u00e5de musikal og animasjonsfilm om temaet \u00abH\u00f8r ham!\u00bb<\/em><\/p>\n\n\t\t<\/div>\n\t\t\t\t\t<\/div>\n\n\t\n\n<\/div>\n<div class=\"row\"  id=\"row-348853941\">\n\n\n\t<div id=\"col-24860285\" class=\"col small-12 large-12\"  >\n\t\t\t\t<div class=\"col-inner\"  >\n\t\t\t\n\t\t\t\n\n<h3>Gud kaller p\u00e5 oss<\/h3>\n\n\t\t<\/div>\n\t\t\t\t\t<\/div>\n\n\t\n\n<\/div>\n<div class=\"row\"  id=\"row-1921355454\">\n\n\n\t<div id=\"col-775208942\" class=\"col small-12 large-12\"  >\n\t\t\t\t<div class=\"col-inner\"  >\n\t\t\t\n\t\t\t\n\n<p class=\"lead\"><img loading=\"lazy\" decoding=\"async\" class=\"size-full wp-image-64109 alignleft\" src=\"https:\/\/biblekids.io\/wp-content\/uploads\/2022\/08\/BKID_S01_E02_Hear-Him-Bible-Kids-Live-Online-Sunday-school-with-musical-2-3.jpg\" alt=\"BKID_S01-E02_H\u00f8r ham_Bible Kids Live_Sommer 2022-Online s\u00f8ndagsskole med musikal\" width=\"500\" height=\"281\">Gud har skapt alle mennesker, og vil at det skal g\u00e5 godt med oss. Han vil ha samfunn med oss. Derfor kaller han og Jesus p\u00e5 oss dagen lang \u2013 og kallet kjenner vi ofte som en lengsel inni oss, nesten som en stemme som kaller p\u00e5 oss.<\/p>\n<p class=\"lead\">Hvis vi h\u00f8rer p\u00e5 den stemmen, og omvender oss, s\u00e5 kan Jesus komme inn i livet v\u00e5rt. Det er som om han kommer og bor i hjertet v\u00e5rt. Der kan han tale til oss og minne oss om hvordan vi skal leve rett for ham. Gjennom Bibelen, Guds ord, og hans stemme inni oss, l\u00e6rer vi mer og mer hvordan vi kan leve som Gud vil, og n\u00e5r vi er lydige mot dette blir vi mer og mer lykkelig. Vi l\u00e6rer hvordan vi kan overvinne det onde som vil \u00f8delegge b\u00e5de for oss og andre, og hvordan vi i alt kan f\u00f8lge Jesus.<\/p>\n<p class=\"lead\">Det er veldig viktig \u00e5 h\u00f8re etter n\u00e5r vi kjenner stemmen inni oss, for den er ofte ganske stille. Vi m\u00e5 selv ville det, men da kan Jesus komme inn og hjelpe oss som han s\u00e5 gjerne vil!<\/p>\n\n\t\t<\/div>\n\t\t\t\t\t<\/div>\n\n\t\n\n<\/div>\n<div class=\"row\"  id=\"row-492597849\">\n\n\n\t<div id=\"col-1304256360\" class=\"col small-12 large-12\"  >\n\t\t\t\t<div class=\"col-inner\"  >\n\t\t\t\n\t\t\t\n\n<h3>Mer om musikalen &laquo;H\u00f8r ham&raquo;<\/h3>\n\n\t\t<\/div>\n\t\t\t\t\t<\/div>\n\n\t\n\n<\/div>\n<div class=\"row\"  id=\"row-1679718884\">\n\n\n\t<div id=\"col-785239557\" class=\"col small-12 large-12\"  >\n\t\t\t\t<div class=\"col-inner\"  >\n\t\t\t\n\t\t\t\n\n<p class=\"lead\"><img loading=\"lazy\" decoding=\"async\" class=\"size-full wp-image-64124 alignright\" src=\"https:\/\/biblekids.io\/wp-content\/uploads\/2022\/08\/BKID_S01_E02_Hear-Him-Bible-Kids-Live-Online-Sunday-school-with-musical-3-1.jpg\" alt=\"BKID_S01-E02_H\u00f8r ham_Bible Kids Live_Sommer 2022-Online s\u00f8ndagsskole med musikal\" width=\"500\" height=\"281\">Anna vokser opp i et hjem hvor Gud ikke er et tema, og man l\u00e6rer \u00e5 tro p\u00e5 seg selv, selv om ting ofte g\u00e5r galt. Hun skj\u00f8nner at det m\u00e5 v\u00e6re noe mer, og kjenner en lengsel inni seg som hun ikke kan forklare.<\/p>\n<p class=\"lead\">Astrid, en kristen nabo, forklarer en dag at lengselen Anna kjenner er Guds stemme, som kaller p\u00e5 henne, og at det er viktig \u00e5 h\u00f8re p\u00e5 den. Til slutt gir hun Anna bibelen sin, og da Anna begynner \u00e5 lese i den \u00e5pnes det opp en helt ny verden for henne.<\/p>\n<p class=\"lead\">Anna bestemmer seg for \u00e5 bli kristen, og pr\u00f8ver s\u00e5 godt hun kan \u00e5 f\u00f8lge den indre stemmen og gj\u00f8re det hun vet er riktig. Men hun m\u00f8ter motstand da hun ikke lenger blir med p\u00e5 alt som de andre gj\u00f8r p\u00e5 skolen. De sprer usanne og onde rykter om henne, og det blir skikkelig t\u00f8ft for Anna. Da hun vil ta igjen, kjenner hun den samme stemmen inni seg, som n\u00e5 minner henne om et vers i Bibelen, om \u00e5 overvinne det onde med det gode. N\u00e5 vet hun hvem stemmen er, og hun skj\u00f8nner at hun m\u00e5 h\u00f8re etter, for den vil hjelpe henne og l\u00e6re henne om hvordan hun skal f\u00f8lge Jesus.<\/p>\n<p class=\"lead\">Ikke lenge etterp\u00e5 m\u00f8ter hun en jente som er i menigheten, og hun blir med henne p\u00e5 m\u00f8ter. Der l\u00e6rer hun enda mer om \u00e5 f\u00f8lge Jesus og leve for Gud. Stemmen i hjertet f\u00f8rte henne til slutt hit, og hun skj\u00f8nner hvor viktig det er \u00e5 h\u00f8re p\u00e5 den \u2013 b\u00e5de til \u00e5 finne Gud og Jesus, og s\u00e5 \u00e5 l\u00e6re av dem!<\/p>\n\n\t\t<\/div>\n\t\t\t\t\t<\/div>\n\n\t\n\n<\/div>\n<div class=\"row\"  id=\"row-620432004\">\n\n\n\t<div id=\"col-297512717\" class=\"col small-12 large-12\"  >\n\t\t\t\t<div class=\"col-inner\"  >\n\t\t\t\n\t\t\t\n\n<h3>Mer om animasjonsfilmen &laquo;Marta og Maria&raquo;<\/h3>\n\n\t\t<\/div>\n\t\t\t\t\t<\/div>\n\n\t\n\n<\/div>\n<div class=\"row\"  id=\"row-2063596934\">\n\n\n\t<div id=\"col-296426497\" class=\"col small-12 large-12\"  >\n\t\t\t\t<div class=\"col-inner\"  >\n\t\t\t\n\t\t\t\n\n<p class=\"lead\"><img loading=\"lazy\" decoding=\"async\" class=\"size-full wp-image-64061 alignleft\" src=\"https:\/\/biblekids.io\/wp-content\/uploads\/2022\/08\/BIST_S01_E02_Martha-and-Mary-Online-Sunday-school-1.jpg\" alt=\"BIST_S01_E02_Marta-og-Maria-Ett-er-n\u00f8dvendig-Online-s\u00f8ndagssskole\" width=\"500\" height=\"281\">(Fra Lukas 10, 38-42 og Johannes 10 og 11.) Jesus skal komme p\u00e5 bes\u00f8k, og b\u00e5de Marta og Maria vil gj\u00f8re det best mulig for ham, og steller i stand et godt m\u00e5ltid.<\/p>\n<p class=\"lead\">Da Jesus ankommer f\u00e5r Marta det enda mer travelt med \u00e5 f\u00e5 orden p\u00e5 alt og servere maten, mens Maria setter seg ned og h\u00f8rer p\u00e5 Jesus. Marta irriterer seg over dette, og ber Jesus \u00e5 si noe til Maria slik at hun skal gj\u00f8re sin del av arbeidet. Men Jesus gj\u00f8r det klart at det er viktig \u00e5 prioritere \u2013 alts\u00e5 velge det som er viktigst \u2013 og at ingen ting er viktigere enn Guds ord. Selv om Marta har det travelt med \u00e5 stelle og servere, har Maria i dette tilfellet allikevel valgt det som er viktigst \u2013 og egentlig helt n\u00f8dvendig.<\/p>\n<p class=\"lead\">Marta m\u00e5 tenke litt p\u00e5 ordene Jesus sier, men skj\u00f8nner at det han sier er helt riktig. Og det gj\u00f8r henne glad!<\/p>\n\n\t\t<\/div>\n\t\t\t\t\t<\/div>\n\n\t\n\n<\/div>\n<div class=\"row\"  id=\"row-1958181782\">\n\n\n\t<div id=\"col-2073785932\" class=\"col small-12 large-12\"  >\n\t\t\t\t<div class=\"col-inner\"  >\n\t\t\t\n\t\t\t\n\n<h3>Sp\u00f8rsm\u00e5l for samtale<\/h3>\n\n\t\t<\/div>\n\t\t\t\t\t<\/div>\n\n\t\n\n<\/div>\n<div class=\"row\"  id=\"row-1039670364\">\n\n\n\t<div id=\"col-314195041\" class=\"col medium-4 small-12 large-4\"  >\n\t\t\t\t<div class=\"col-inner\"  >\n\t\t\t\n\t\t\t\n\n\n  <div class=\"banner has-hover\" id=\"banner-1603616293\">\n          <div class=\"banner-inner fill\">\n        <div class=\"banner-bg fill\" >\n                                                \n                    <\/div>\n\t\t\n        <div class=\"banner-layers container\">\n            <div class=\"fill banner-link\"><\/div>            \n\n   <div id=\"text-box-1346061671\" class=\"text-box banner-layer x50 md-x50 lg-x50 y50 md-y50 lg-y50 res-text\">\n                                <div class=\"text-box-content text dark\">\n              \n              <div class=\"text-inner text-center\">\n                  \n\n<p class=\"lead\"><span style=\"font-size: 115%;\">Hvordan kjenner vi Guds stemme inni oss? Har du noen gang kjent den?<\/span><\/p>\n\n              <\/div>\n           <\/div>\n                            \n<style>\n#text-box-1346061671 {\n  width: 60%;\n}\n#text-box-1346061671 .text-box-content {\n  font-size: 100%;\n}\n<\/style>\n    <\/div>\n \n\n        <\/div>\n      <\/div>\n\n            \n<style>\n#banner-1603616293 {\n  padding-top: 100px;\n}\n<\/style>\n  <\/div>\n\n\n\n\t\t<\/div>\n\t\t\t\t\t<\/div>\n\n\t\n\n\t<div id=\"col-1943254983\" class=\"col medium-4 small-12 large-4\"  >\n\t\t\t\t<div class=\"col-inner\"  >\n\t\t\t\n\t\t\t\n\n\n  <div class=\"banner has-hover\" id=\"banner-1966146773\">\n          <div class=\"banner-inner fill\">\n        <div class=\"banner-bg fill\" >\n                                                \n                    <\/div>\n\t\t\n        <div class=\"banner-layers container\">\n            <div class=\"fill banner-link\"><\/div>            \n\n   <div id=\"text-box-1839392408\" class=\"text-box banner-layer x50 md-x50 lg-x50 y50 md-y50 lg-y50 res-text\">\n                                <div class=\"text-box-content text dark\">\n              \n              <div class=\"text-inner text-center\">\n                  \n\n<p class=\"lead\"><span style=\"font-size: 115%;\">Hva vil Gud si til oss?<\/span><\/p>\n\n              <\/div>\n           <\/div>\n                            \n<style>\n#text-box-1839392408 {\n  width: 60%;\n}\n#text-box-1839392408 .text-box-content {\n  font-size: 100%;\n}\n<\/style>\n    <\/div>\n \n\n        <\/div>\n      <\/div>\n\n            \n<style>\n#banner-1966146773 {\n  padding-top: 100px;\n}\n<\/style>\n  <\/div>\n\n\n\n\t\t<\/div>\n\t\t\t\t\t<\/div>\n\n\t\n\n\t<div id=\"col-1876840609\" class=\"col medium-4 small-12 large-4\"  >\n\t\t\t\t<div class=\"col-inner\"  >\n\t\t\t\n\t\t\t\n\n\n  <div class=\"banner has-hover\" id=\"banner-8843888\">\n          <div class=\"banner-inner fill\">\n        <div class=\"banner-bg fill\" >\n                                                \n                    <\/div>\n\t\t\n        <div class=\"banner-layers container\">\n            <div class=\"fill banner-link\"><\/div>            \n\n   <div id=\"text-box-2104578667\" class=\"text-box banner-layer x50 md-x50 lg-x50 y50 md-y50 lg-y50 res-text\">\n                                <div class=\"text-box-content text dark\">\n              \n              <div class=\"text-inner text-center\">\n                  \n\n<p class=\"lead\"><span style=\"font-size: 115%;\">Hvorfor er det s\u00e5 viktig \u00e5 h\u00f8re p\u00e5 Guds stemme?<\/span><\/p>\n\n              <\/div>\n           <\/div>\n                            \n<style>\n#text-box-2104578667 {\n  width: 60%;\n}\n#text-box-2104578667 .text-box-content {\n  font-size: 100%;\n}\n<\/style>\n    <\/div>\n \n\n        <\/div>\n      <\/div>\n\n            \n<style>\n#banner-8843888 {\n  padding-top: 100px;\n}\n<\/style>\n  <\/div>\n\n\n\n\t\t<\/div>\n\t\t\t\t\t<\/div>\n\n\t\n\n<\/div>\n<div class=\"row\"  id=\"row-1730251076\">\n\n\n\t<div id=\"col-844054663\" class=\"col small-12 large-12\"  >\n\t\t\t\t<div class=\"col-inner\"  >\n\t\t\t\n\t\t\t\n\n<h3>Bibelvers\u202fsom passer til temaet<\/h3>\n\n\t\t<\/div>\n\t\t\t\t\t<\/div>\n\n\t\n\n<\/div>\n<div class=\"row\"  id=\"row-1884727329\">\n\n\n\t<div id=\"col-179198437\" class=\"col medium-4 small-12 large-4\"  >\n\t\t\t\t<div class=\"col-inner\"  >\n\t\t\t\n\t\t\t\n\n<blockquote>\n<p>Men Herren svarte og sa til henne: Marta, Marta! Du gj\u00f8r deg strev og uro med mange ting. Men ett er n\u00f8dvendig. Maria har valgt den gode del, som ikke skal bli tatt fra henne.<\/p>\n<p>Lukas 10, 41-42<\/p>\n<\/blockquote>\n\n\t\t<\/div>\n\t\t\t\t\t<\/div>\n\n\t\n\n\t<div id=\"col-1098708891\" class=\"col medium-4 small-12 large-4\"  >\n\t\t\t\t<div class=\"col-inner\"  >\n\t\t\t\n\t\t\t\n\n<blockquote>\n<p>Se, jeg st\u00e5r for d\u00f8ren og banker. Om noen h\u00f8rer min r\u00f8st og \u00e5pner d\u00f8ren, da vil jeg g\u00e5 inn til ham og holde nattverd med ham, og han med meg.<\/p>\n<p>\u00c5penbaringen 3, 20<\/p>\n<\/blockquote>\n\n\t\t<\/div>\n\t\t\t\t\t<\/div>\n\n\t\n\n\t<div id=\"col-1056295887\" class=\"col medium-4 small-12 large-4\"  >\n\t\t\t\t<div class=\"col-inner\"  >\n\t\t\t\n\t\t\t\n\n<blockquote>\n<p>Mine f\u00e5r h\u00f8rer min r\u00f8st, jeg kjenner dem, og de f\u00f8lger meg. Og jeg gir dem evig liv, de skal aldri i evighet g\u00e5 fortapt, og ingen skal rive dem ut av min h\u00e5nd.<\/p>\n<p>Johannes 10, 27-28<\/p>\n<\/blockquote>\n\n\t\t<\/div>\n\t\t\t\t\t<\/div>\n\n\t\n\n<\/div>\n\n\t\t<\/div>\n\n\t\t\n<style>\n#section_1404450413 {\n  padding-top: 0px;\n  padding-bottom: 0px;\n}\n<\/style>\n\t<\/section>\n\t\n","protected":false},"excerpt":{"rendered":"<p>Maria ville gjerne h\u00f8re det Jesus hadde \u00e5 si, og ogs\u00e5 i dag taler Jesus til alle dem som gjerne vil h\u00f8re ham. P\u00e5 denne temasiden kan du se animasjonsfilmen om Marta og Maria, sammen med en musikal med tema \u00abH\u00f8r ham\u00bb.<\/p>\n","protected":false},"author":15688,"featured_media":74298,"comment_status":"closed","ping_status":"closed","sticky":false,"template":"","format":"standard","meta":{"_acf_changed":false,"bcc_login_visibility":1,"bcc_groups":[],"bcc_groups_email":true,"bcc_visibility_groups":[],"bcc_visibility_groups_email":false,"sent_notifications":[],"footnotes":"","_links_to":"","_links_to_target":""},"categories":[157,125],"tags":[],"class_list":["post-63965","post","type-post","status-publish","format-standard","has-post-thumbnail","hentry","category-6-11-ar","category-temasider"],"acf":[],"yoast_head":"<!-- This site is optimized with the Yoast SEO plugin v27.4 - https:\/\/yoast.com\/product\/yoast-seo-wordpress\/ -->\n<title>Historien om Marta og Maria<\/title>\n<meta name=\"description\" content=\"Marta og Maria ville gjerne h\u00f8re det Jesus hadde \u00e5 si, og ogs\u00e5 i dag taler Jesus til alle dem som gjerne vil h\u00f8re ham. Kristent barnem\u00f8te.\" \/>\n<meta name=\"robots\" content=\"index, follow, max-snippet:-1, max-image-preview:large, max-video-preview:-1\" \/>\n<link rel=\"canonical\" href=\"https:\/\/biblekids.io\/no\/hor-ham-kristent-barnemote-med-musikal\/\" \/>\n<meta property=\"og:locale\" content=\"nb_NO\" \/>\n<meta property=\"og:type\" content=\"article\" \/>\n<meta property=\"og:title\" content=\"Historien om Marta og Maria\" \/>\n<meta property=\"og:description\" content=\"Marta og Maria ville gjerne h\u00f8re det Jesus hadde \u00e5 si, og ogs\u00e5 i dag taler Jesus til alle dem som gjerne vil h\u00f8re ham. Kristent barnem\u00f8te.\" \/>\n<meta property=\"og:url\" content=\"https:\/\/biblekids.io\/no\/hor-ham-kristent-barnemote-med-musikal\/\" \/>\n<meta property=\"og:site_name\" content=\"Bible Kids - Medieressurser til s\u00f8ndagsskoler\" \/>\n<meta property=\"article:published_time\" content=\"2023-06-28T11:25:48+00:00\" \/>\n<meta property=\"article:modified_time\" content=\"2024-10-09T12:52:29+00:00\" \/>\n<meta property=\"og:image\" content=\"https:\/\/biblekids.io\/wp-content\/uploads\/2022\/08\/BIST_e02_ikon-1.png\" \/>\n\t<meta property=\"og:image:width\" content=\"1365\" \/>\n\t<meta property=\"og:image:height\" content=\"789\" \/>\n\t<meta property=\"og:image:type\" content=\"image\/png\" \/>\n<meta name=\"author\" content=\"Milenko van der Staal\" \/>\n<meta name=\"twitter:card\" content=\"summary_large_image\" \/>\n<meta name=\"twitter:label1\" content=\"Skrevet av\" \/>\n\t<meta name=\"twitter:data1\" content=\"Milenko van der Staal\" \/>\n\t<meta name=\"twitter:label2\" content=\"Ansl. lesetid\" \/>\n\t<meta name=\"twitter:data2\" content=\"6 minutter\" \/>\n<script type=\"application\/ld+json\" class=\"yoast-schema-graph\">{\"@context\":\"https:\\\/\\\/schema.org\",\"@graph\":[{\"@type\":\"Article\",\"@id\":\"https:\\\/\\\/biblekids.io\\\/no\\\/hor-ham-kristent-barnemote-med-musikal\\\/#article\",\"isPartOf\":{\"@id\":\"https:\\\/\\\/biblekids.io\\\/no\\\/hor-ham-kristent-barnemote-med-musikal\\\/\"},\"author\":{\"name\":\"Milenko van der Staal\",\"@id\":\"https:\\\/\\\/biblekids.io\\\/no\\\/#\\\/schema\\\/person\\\/9a5bb7ca3e5b429a9c966ac3ecfc5957\"},\"headline\":\"Historien om Marta og Maria\",\"datePublished\":\"2023-06-28T11:25:48+00:00\",\"dateModified\":\"2024-10-09T12:52:29+00:00\",\"mainEntityOfPage\":{\"@id\":\"https:\\\/\\\/biblekids.io\\\/no\\\/hor-ham-kristent-barnemote-med-musikal\\\/\"},\"wordCount\":976,\"image\":{\"@id\":\"https:\\\/\\\/biblekids.io\\\/no\\\/hor-ham-kristent-barnemote-med-musikal\\\/#primaryimage\"},\"thumbnailUrl\":\"https:\\\/\\\/biblekids.io\\\/wp-content\\\/uploads\\\/2022\\\/08\\\/BIST_e02_ikon-1.png\",\"articleSection\":[\"6-11 \u00e5r\",\"Temasider\"],\"inLanguage\":\"nb-NO\"},{\"@type\":\"WebPage\",\"@id\":\"https:\\\/\\\/biblekids.io\\\/no\\\/hor-ham-kristent-barnemote-med-musikal\\\/\",\"url\":\"https:\\\/\\\/biblekids.io\\\/no\\\/hor-ham-kristent-barnemote-med-musikal\\\/\",\"name\":\"Historien om Marta og Maria\",\"isPartOf\":{\"@id\":\"https:\\\/\\\/biblekids.io\\\/no\\\/#website\"},\"primaryImageOfPage\":{\"@id\":\"https:\\\/\\\/biblekids.io\\\/no\\\/hor-ham-kristent-barnemote-med-musikal\\\/#primaryimage\"},\"image\":{\"@id\":\"https:\\\/\\\/biblekids.io\\\/no\\\/hor-ham-kristent-barnemote-med-musikal\\\/#primaryimage\"},\"thumbnailUrl\":\"https:\\\/\\\/biblekids.io\\\/wp-content\\\/uploads\\\/2022\\\/08\\\/BIST_e02_ikon-1.png\",\"datePublished\":\"2023-06-28T11:25:48+00:00\",\"dateModified\":\"2024-10-09T12:52:29+00:00\",\"author\":{\"@id\":\"https:\\\/\\\/biblekids.io\\\/no\\\/#\\\/schema\\\/person\\\/9a5bb7ca3e5b429a9c966ac3ecfc5957\"},\"description\":\"Marta og Maria ville gjerne h\u00f8re det Jesus hadde \u00e5 si, og ogs\u00e5 i dag taler Jesus til alle dem som gjerne vil h\u00f8re ham. Kristent barnem\u00f8te.\",\"breadcrumb\":{\"@id\":\"https:\\\/\\\/biblekids.io\\\/no\\\/hor-ham-kristent-barnemote-med-musikal\\\/#breadcrumb\"},\"inLanguage\":\"nb-NO\",\"potentialAction\":[{\"@type\":\"ReadAction\",\"target\":[\"https:\\\/\\\/biblekids.io\\\/no\\\/hor-ham-kristent-barnemote-med-musikal\\\/\"]}]},{\"@type\":\"ImageObject\",\"inLanguage\":\"nb-NO\",\"@id\":\"https:\\\/\\\/biblekids.io\\\/no\\\/hor-ham-kristent-barnemote-med-musikal\\\/#primaryimage\",\"url\":\"https:\\\/\\\/biblekids.io\\\/wp-content\\\/uploads\\\/2022\\\/08\\\/BIST_e02_ikon-1.png\",\"contentUrl\":\"https:\\\/\\\/biblekids.io\\\/wp-content\\\/uploads\\\/2022\\\/08\\\/BIST_e02_ikon-1.png\",\"width\":1365,\"height\":789},{\"@type\":\"BreadcrumbList\",\"@id\":\"https:\\\/\\\/biblekids.io\\\/no\\\/hor-ham-kristent-barnemote-med-musikal\\\/#breadcrumb\",\"itemListElement\":[{\"@type\":\"ListItem\",\"position\":1,\"name\":\"Hjem\",\"item\":\"https:\\\/\\\/biblekids.io\\\/no\\\/\"},{\"@type\":\"ListItem\",\"position\":2,\"name\":\"Historien om Marta og Maria\"}]},{\"@type\":\"WebSite\",\"@id\":\"https:\\\/\\\/biblekids.io\\\/no\\\/#website\",\"url\":\"https:\\\/\\\/biblekids.io\\\/no\\\/\",\"name\":\"Bible Kids - Medieressurser til s\u00f8ndagsskoler\",\"description\":\"Bibelhistorier for barn\",\"potentialAction\":[{\"@type\":\"SearchAction\",\"target\":{\"@type\":\"EntryPoint\",\"urlTemplate\":\"https:\\\/\\\/biblekids.io\\\/no\\\/?s={search_term_string}\"},\"query-input\":{\"@type\":\"PropertyValueSpecification\",\"valueRequired\":true,\"valueName\":\"search_term_string\"}}],\"inLanguage\":\"nb-NO\"},{\"@type\":\"Person\",\"@id\":\"https:\\\/\\\/biblekids.io\\\/no\\\/#\\\/schema\\\/person\\\/9a5bb7ca3e5b429a9c966ac3ecfc5957\",\"name\":\"Milenko van der Staal\",\"url\":\"https:\\\/\\\/biblekids.io\\\/no\\\/author\\\/10897\\\/\"}]}<\/script>\n<!-- \/ Yoast SEO plugin. -->","yoast_head_json":{"title":"Historien om Marta og Maria","description":"Marta og Maria ville gjerne h\u00f8re det Jesus hadde \u00e5 si, og ogs\u00e5 i dag taler Jesus til alle dem som gjerne vil h\u00f8re ham. Kristent barnem\u00f8te.","robots":{"index":"index","follow":"follow","max-snippet":"max-snippet:-1","max-image-preview":"max-image-preview:large","max-video-preview":"max-video-preview:-1"},"canonical":"https:\/\/biblekids.io\/no\/hor-ham-kristent-barnemote-med-musikal\/","og_locale":"nb_NO","og_type":"article","og_title":"Historien om Marta og Maria","og_description":"Marta og Maria ville gjerne h\u00f8re det Jesus hadde \u00e5 si, og ogs\u00e5 i dag taler Jesus til alle dem som gjerne vil h\u00f8re ham. Kristent barnem\u00f8te.","og_url":"https:\/\/biblekids.io\/no\/hor-ham-kristent-barnemote-med-musikal\/","og_site_name":"Bible Kids - Medieressurser til s\u00f8ndagsskoler","article_published_time":"2023-06-28T11:25:48+00:00","article_modified_time":"2024-10-09T12:52:29+00:00","og_image":[{"width":1365,"height":789,"url":"https:\/\/biblekids.io\/wp-content\/uploads\/2022\/08\/BIST_e02_ikon-1.png","type":"image\/png"}],"author":"Milenko van der Staal","twitter_card":"summary_large_image","twitter_misc":{"Skrevet av":"Milenko van der Staal","Ansl. lesetid":"6 minutter"},"schema":{"@context":"https:\/\/schema.org","@graph":[{"@type":"Article","@id":"https:\/\/biblekids.io\/no\/hor-ham-kristent-barnemote-med-musikal\/#article","isPartOf":{"@id":"https:\/\/biblekids.io\/no\/hor-ham-kristent-barnemote-med-musikal\/"},"author":{"name":"Milenko van der Staal","@id":"https:\/\/biblekids.io\/no\/#\/schema\/person\/9a5bb7ca3e5b429a9c966ac3ecfc5957"},"headline":"Historien om Marta og Maria","datePublished":"2023-06-28T11:25:48+00:00","dateModified":"2024-10-09T12:52:29+00:00","mainEntityOfPage":{"@id":"https:\/\/biblekids.io\/no\/hor-ham-kristent-barnemote-med-musikal\/"},"wordCount":976,"image":{"@id":"https:\/\/biblekids.io\/no\/hor-ham-kristent-barnemote-med-musikal\/#primaryimage"},"thumbnailUrl":"https:\/\/biblekids.io\/wp-content\/uploads\/2022\/08\/BIST_e02_ikon-1.png","articleSection":["6-11 \u00e5r","Temasider"],"inLanguage":"nb-NO"},{"@type":"WebPage","@id":"https:\/\/biblekids.io\/no\/hor-ham-kristent-barnemote-med-musikal\/","url":"https:\/\/biblekids.io\/no\/hor-ham-kristent-barnemote-med-musikal\/","name":"Historien om Marta og Maria","isPartOf":{"@id":"https:\/\/biblekids.io\/no\/#website"},"primaryImageOfPage":{"@id":"https:\/\/biblekids.io\/no\/hor-ham-kristent-barnemote-med-musikal\/#primaryimage"},"image":{"@id":"https:\/\/biblekids.io\/no\/hor-ham-kristent-barnemote-med-musikal\/#primaryimage"},"thumbnailUrl":"https:\/\/biblekids.io\/wp-content\/uploads\/2022\/08\/BIST_e02_ikon-1.png","datePublished":"2023-06-28T11:25:48+00:00","dateModified":"2024-10-09T12:52:29+00:00","author":{"@id":"https:\/\/biblekids.io\/no\/#\/schema\/person\/9a5bb7ca3e5b429a9c966ac3ecfc5957"},"description":"Marta og Maria ville gjerne h\u00f8re det Jesus hadde \u00e5 si, og ogs\u00e5 i dag taler Jesus til alle dem som gjerne vil h\u00f8re ham. Kristent barnem\u00f8te.","breadcrumb":{"@id":"https:\/\/biblekids.io\/no\/hor-ham-kristent-barnemote-med-musikal\/#breadcrumb"},"inLanguage":"nb-NO","potentialAction":[{"@type":"ReadAction","target":["https:\/\/biblekids.io\/no\/hor-ham-kristent-barnemote-med-musikal\/"]}]},{"@type":"ImageObject","inLanguage":"nb-NO","@id":"https:\/\/biblekids.io\/no\/hor-ham-kristent-barnemote-med-musikal\/#primaryimage","url":"https:\/\/biblekids.io\/wp-content\/uploads\/2022\/08\/BIST_e02_ikon-1.png","contentUrl":"https:\/\/biblekids.io\/wp-content\/uploads\/2022\/08\/BIST_e02_ikon-1.png","width":1365,"height":789},{"@type":"BreadcrumbList","@id":"https:\/\/biblekids.io\/no\/hor-ham-kristent-barnemote-med-musikal\/#breadcrumb","itemListElement":[{"@type":"ListItem","position":1,"name":"Hjem","item":"https:\/\/biblekids.io\/no\/"},{"@type":"ListItem","position":2,"name":"Historien om Marta og Maria"}]},{"@type":"WebSite","@id":"https:\/\/biblekids.io\/no\/#website","url":"https:\/\/biblekids.io\/no\/","name":"Bible Kids - Medieressurser til s\u00f8ndagsskoler","description":"Bibelhistorier for barn","potentialAction":[{"@type":"SearchAction","target":{"@type":"EntryPoint","urlTemplate":"https:\/\/biblekids.io\/no\/?s={search_term_string}"},"query-input":{"@type":"PropertyValueSpecification","valueRequired":true,"valueName":"search_term_string"}}],"inLanguage":"nb-NO"},{"@type":"Person","@id":"https:\/\/biblekids.io\/no\/#\/schema\/person\/9a5bb7ca3e5b429a9c966ac3ecfc5957","name":"Milenko van der Staal","url":"https:\/\/biblekids.io\/no\/author\/10897\/"}]}},"_links":{"self":[{"href":"https:\/\/biblekids.io\/no\/wp-json\/wp\/v2\/posts\/63965","targetHints":{"allow":["GET"]}}],"collection":[{"href":"https:\/\/biblekids.io\/no\/wp-json\/wp\/v2\/posts"}],"about":[{"href":"https:\/\/biblekids.io\/no\/wp-json\/wp\/v2\/types\/post"}],"author":[{"embeddable":true,"href":"https:\/\/biblekids.io\/no\/wp-json\/wp\/v2\/users\/15688"}],"replies":[{"embeddable":true,"href":"https:\/\/biblekids.io\/no\/wp-json\/wp\/v2\/comments?post=63965"}],"version-history":[{"count":38,"href":"https:\/\/biblekids.io\/no\/wp-json\/wp\/v2\/posts\/63965\/revisions"}],"predecessor-version":[{"id":89658,"href":"https:\/\/biblekids.io\/no\/wp-json\/wp\/v2\/posts\/63965\/revisions\/89658"}],"wp:featuredmedia":[{"embeddable":true,"href":"https:\/\/biblekids.io\/no\/wp-json\/wp\/v2\/media\/74298"}],"wp:attachment":[{"href":"https:\/\/biblekids.io\/no\/wp-json\/wp\/v2\/media?parent=63965"}],"wp:term":[{"taxonomy":"category","embeddable":true,"href":"https:\/\/biblekids.io\/no\/wp-json\/wp\/v2\/categories?post=63965"},{"taxonomy":"post_tag","embeddable":true,"href":"https:\/\/biblekids.io\/no\/wp-json\/wp\/v2\/tags?post=63965"}],"curies":[{"name":"wp","href":"https:\/\/api.w.org\/{rel}","templated":true}]}}