{"id":44329,"date":"2020-08-31T10:41:54","date_gmt":"2020-08-31T08:41:54","guid":{"rendered":"https:\/\/biblekids.io\/stan-w-obronie-dobra\/"},"modified":"2023-01-17T08:51:12","modified_gmt":"2023-01-17T07:51:12","slug":"stan-w-obronie-dobra","status":"publish","type":"post","link":"https:\/\/biblekids.io\/pl\/stan-w-obronie-dobra\/","title":{"rendered":"Sta\u0144 w obronie dobra!"},"content":{"rendered":"\n\t<section class=\"section\" id=\"section_1509836977\">\n\t\t<div class=\"section-bg fill\" >\n\t\t\t\t\t\t\t\t\t\n\t\t\t\n\n\t\t<\/div>\n\n\t\t\n\n\t\t<div class=\"section-content relative\">\n\t\t\t\n<div class=\"row\"  id=\"row-304923453\">\n\n\t<div id=\"col-143270649\" class=\"col small-12 large-12\"  >\n\t\t\t\t<div class=\"col-inner\"  >\n\t\t\t\n\t\t\t\n<h2>wi\u0119cej na ten temat<\/h2>\n\t\t<\/div>\n\t\t\t\t\t<\/div>\n\n\t\n\n\t<div id=\"col-630984386\" class=\"col medium-6 small-12 large-6\"  >\n\t\t\t\t<div class=\"col-inner\"  >\n\t\t\t\n\t\t\t\n\t<div class=\"img has-hover x md-x lg-x y md-y lg-y\" id=\"image_915173370\">\n\t\t\t\t\t\t\t\t<div class=\"img-inner dark\" >\n\t\t\t<img loading=\"lazy\" decoding=\"async\" width=\"1020\" height=\"573\" src=\"https:\/\/biblekids.io\/wp-content\/uploads\/2020\/08\/BIUT_debora-1400x786.jpg\" class=\"attachment-large size-large\" alt=\"\" \/>\t\t\t\t\t\t\n\t\t\t\t\t<\/div>\n\t\t\t\t\t\t\t\t\n<style>\n#image_915173370 {\n  width: 100%;\n}\n<\/style>\n\t<\/div>\n\t\n\t\t<\/div>\n\t\t\t\t\t<\/div>\n\n\t\n\n\t<div id=\"col-166499073\" class=\"col medium-6 small-12 large-6\"  >\n\t\t\t\t<div class=\"col-inner\"  >\n\t\t\t\n\t\t\t\n<h3>badacze Biblii: Deborah<\/h3>\n<p class=\"lead\">W tym tygodniu na szk\u00f3\u0142ce niedzielnej online us\u0142yszymy wi\u0119cej o tym, \u017ceby sta\u0107 w obronie dobra. W kolejnym odcinku Odkrywc\u00f3w Biblii spotkamy s\u0119dzi\u0119 i prorokini\u0119- Debor\u0119. Zosta\u0142a ona powo\u0142ana przez Boga na prorokini\u0119 i s\u0119dzi\u0119 w Izraelu. W tamtych czasach kobiety rzadko zostawa\u0142y s\u0119dziami, wi\u0119c Debora musia\u0142a zadecydowa\u0107, \u017ce nie b\u0119dzie si\u0119 troszczy\u0107 o to, co my\u015bl\u0105 inni. Ufa\u0142a Bogu, a kiedy j\u0105 powo\u0142a\u0142, zrobi\u0142a to, co jej nakaza\u0142. W tym odcinku zobaczymy, jak wielkie znaczenie dla Izraela mia\u0142o to, \u017ce Debora zrobi\u0142a to, do czego B\u00f3g j\u0105 wybra\u0142.  <\/p>\n\t\t<\/div>\n\t\t\t\t\t<\/div>\n\n\t\n\n\t<div id=\"col-1245261138\" class=\"col medium-6 large-6\"  >\n\t\t\t\t<div class=\"col-inner\"  >\n\t\t\t\n\t\t\t\n<h3>audycja studyjna o dobrym<\/h3>\n<p class=\"lead\">W internetowej szk\u00f3\u0142ce niedzielnej w tym tygodniu s\u0142yszymy wi\u0119cej o obronie dobra.<\/p>\n<p class=\"lead\">Po filmie H\u00e5kon Pedersen powie kilka bardzo dobrych i zach\u0119caj\u0105cych s\u0142\u00f3w do dzieci. B\u0119dzie mi\u0119dzy innymi m\u00f3wi\u0142 o tym, \u017ce B\u00f3g prowadzi nas w walce. Tego warto pos\u0142ucha\u0107!  <\/p>\n<p class=\"lead\">B\u0119dzie te\u017c czas na pytanie, kt\u00f3re zada\u0142o kilka dzieci z Niemiec. Zastanawia\u0142y si\u0119 one, co to znaczy, \u017ceby by\u0107 przyk\u0142adem- takim jak Debora. Czy jest to tak samo wa\u017cne dzisiaj? Zobacz, jaka b\u0119dzie odpowied\u017a na to pytanie na przekazie.   <\/p>\n\t\t<\/div>\n\t\t\t\t\t<\/div>\n\n\t\n\n\t<div id=\"col-954140297\" class=\"col medium-6 small-12 large-6\"  >\n\t\t\t\t<div class=\"col-inner\"  >\n\t\t\t\n\t\t\t\n\t<div class=\"img has-hover x md-x lg-x y md-y lg-y\" id=\"image_440711818\">\n\t\t\t\t\t\t\t\t<div class=\"img-inner dark\" >\n\t\t\t<img loading=\"lazy\" decoding=\"async\" width=\"600\" height=\"800\" src=\"https:\/\/biblekids.io\/wp-content\/uploads\/2020\/08\/photo_2020-08-31-10.29.23-600x800.jpeg\" class=\"attachment-large size-large\" alt=\"\" \/>\t\t\t\t\t\t\n\t\t\t\t\t<\/div>\n\t\t\t\t\t\t\t\t\n<style>\n#image_440711818 {\n  width: 100%;\n}\n<\/style>\n\t<\/div>\n\t\n\t\t<\/div>\n\t\t\t\t\t<\/div>\n\n\t\n\n\t<div id=\"col-746428803\" class=\"col medium-6 small-12 large-6\"  >\n\t\t\t\t<div class=\"col-inner\"  >\n\t\t\t\n\t\t\t\n\t\t<\/div>\n\t\t\t\t\t<\/div>\n\n\t\n<\/div>\n\t\t<\/div>\n\n\t\t\n<style>\n#section_1509836977 {\n  padding-top: 30px;\n  padding-bottom: 30px;\n  background-color: rgb(247, 247, 247);\n}\n<\/style>\n\t<\/section>\n\t\n","protected":false},"excerpt":{"rendered":"<p>W pierwszym li\u015bcie Paw\u0142a do Tymoteusza jest napisane: \u201eNiechaj ci\u0119 nikt nie lekcewa\u017cy z powodu m\u0142odego wieku, ale b\u0105d\u017a dla wierz\u0105cych wzorem w post\u0119powaniu, w mi\u0142o\u015bci, w wierze, w czysto\u015bci\u201d. B\u00f3g chce, \u017ceby\u015bmy byli przyk\u0142adem w tym, \u017ceby robi\u0107 dobrze. Musz\u0119 wi\u0119c mie\u0107 wiar\u0119 w Boga, ale te\u017c wiar\u0119 w siebie. Z Bo\u017c\u0105 pomoc\u0105 mog\u0119 sta\u0107 si\u0119 kim\u015b, kto staje w obronie dobra.<\/p>\n","protected":false},"author":5,"featured_media":42136,"comment_status":"closed","ping_status":"closed","sticky":false,"template":"","format":"standard","meta":{"_acf_changed":false,"bcc_login_visibility":1,"bcc_groups":[],"bcc_groups_email":true,"bcc_visibility_groups":[],"bcc_visibility_groups_email":false,"sent_notifications":[],"footnotes":"","_links_to":"","_links_to_target":""},"categories":[172,134],"tags":[],"class_list":["post-44329","post","type-post","status-publish","format-standard","has-post-thumbnail","hentry","category-6-11-lat","category-strony-tematyczne"],"acf":[],"yoast_head":"<!-- This site is optimized with the Yoast SEO plugin v27.4 - https:\/\/yoast.com\/product\/yoast-seo-wordpress\/ -->\n<title>Sta\u0144 w obronie dobra! - Bible Kids<\/title>\n<meta name=\"robots\" content=\"index, follow, max-snippet:-1, max-image-preview:large, max-video-preview:-1\" \/>\n<link rel=\"canonical\" href=\"https:\/\/biblekids.io\/pl\/stan-w-obronie-dobra\/\" \/>\n<meta property=\"og:locale\" content=\"pl_PL\" \/>\n<meta property=\"og:type\" content=\"article\" \/>\n<meta property=\"og:title\" content=\"Sta\u0144 w obronie dobra! - Bible Kids\" \/>\n<meta property=\"og:description\" content=\"W pierwszym li\u015bcie Paw\u0142a do Tymoteusza jest napisane: \u201eNiechaj ci\u0119 nikt nie lekcewa\u017cy z powodu m\u0142odego wieku, ale b\u0105d\u017a dla wierz\u0105cych wzorem w post\u0119powaniu, w mi\u0142o\u015bci, w wierze, w czysto\u015bci\u201d. B\u00f3g chce, \u017ceby\u015bmy byli przyk\u0142adem w tym, \u017ceby robi\u0107 dobrze. Musz\u0119 wi\u0119c mie\u0107 wiar\u0119 w Boga, ale te\u017c wiar\u0119 w siebie. Z Bo\u017c\u0105 pomoc\u0105 mog\u0119 sta\u0107 si\u0119 kim\u015b, kto staje w obronie dobra.\" \/>\n<meta property=\"og:url\" content=\"https:\/\/biblekids.io\/pl\/stan-w-obronie-dobra\/\" \/>\n<meta property=\"og:site_name\" content=\"Bible Kids\" \/>\n<meta property=\"article:published_time\" content=\"2020-08-31T08:41:54+00:00\" \/>\n<meta property=\"article:modified_time\" content=\"2023-01-17T07:51:12+00:00\" \/>\n<meta property=\"og:image\" content=\"https:\/\/biblekids.io\/wp-content\/uploads\/2020\/11\/ikon_debra.png\" \/>\n\t<meta property=\"og:image:width\" content=\"2480\" \/>\n\t<meta property=\"og:image:height\" content=\"2190\" \/>\n\t<meta property=\"og:image:type\" content=\"image\/png\" \/>\n<meta name=\"author\" content=\"biblekids.io\" \/>\n<meta name=\"twitter:card\" content=\"summary_large_image\" \/>\n<meta name=\"twitter:label1\" content=\"Napisane przez\" \/>\n\t<meta name=\"twitter:data1\" content=\"biblekids.io\" \/>\n\t<meta name=\"twitter:label2\" content=\"Szacowany czas czytania\" \/>\n\t<meta name=\"twitter:data2\" content=\"1 minuta\" \/>\n<script type=\"application\/ld+json\" class=\"yoast-schema-graph\">{\"@context\":\"https:\\\/\\\/schema.org\",\"@graph\":[{\"@type\":\"Article\",\"@id\":\"https:\\\/\\\/biblekids.io\\\/pl\\\/stan-w-obronie-dobra\\\/#article\",\"isPartOf\":{\"@id\":\"https:\\\/\\\/biblekids.io\\\/pl\\\/stan-w-obronie-dobra\\\/\"},\"author\":{\"name\":\"biblekids.io\",\"@id\":\"https:\\\/\\\/biblekids.io\\\/no\\\/#\\\/schema\\\/person\\\/98e151315777c437cac5d2a30edc5143\"},\"headline\":\"Sta\u0144 w obronie dobra!\",\"datePublished\":\"2020-08-31T08:41:54+00:00\",\"dateModified\":\"2023-01-17T07:51:12+00:00\",\"mainEntityOfPage\":{\"@id\":\"https:\\\/\\\/biblekids.io\\\/pl\\\/stan-w-obronie-dobra\\\/\"},\"wordCount\":264,\"image\":{\"@id\":\"https:\\\/\\\/biblekids.io\\\/pl\\\/stan-w-obronie-dobra\\\/#primaryimage\"},\"thumbnailUrl\":\"https:\\\/\\\/biblekids.io\\\/wp-content\\\/uploads\\\/2020\\\/11\\\/ikon_debra.png\",\"articleSection\":[\"6-11 lat\",\"Strony tematyczne\"],\"inLanguage\":\"pl-PL\"},{\"@type\":\"WebPage\",\"@id\":\"https:\\\/\\\/biblekids.io\\\/pl\\\/stan-w-obronie-dobra\\\/\",\"url\":\"https:\\\/\\\/biblekids.io\\\/pl\\\/stan-w-obronie-dobra\\\/\",\"name\":\"Sta\u0144 w obronie dobra! - Bible Kids\",\"isPartOf\":{\"@id\":\"https:\\\/\\\/biblekids.io\\\/no\\\/#website\"},\"primaryImageOfPage\":{\"@id\":\"https:\\\/\\\/biblekids.io\\\/pl\\\/stan-w-obronie-dobra\\\/#primaryimage\"},\"image\":{\"@id\":\"https:\\\/\\\/biblekids.io\\\/pl\\\/stan-w-obronie-dobra\\\/#primaryimage\"},\"thumbnailUrl\":\"https:\\\/\\\/biblekids.io\\\/wp-content\\\/uploads\\\/2020\\\/11\\\/ikon_debra.png\",\"datePublished\":\"2020-08-31T08:41:54+00:00\",\"dateModified\":\"2023-01-17T07:51:12+00:00\",\"author\":{\"@id\":\"https:\\\/\\\/biblekids.io\\\/no\\\/#\\\/schema\\\/person\\\/98e151315777c437cac5d2a30edc5143\"},\"breadcrumb\":{\"@id\":\"https:\\\/\\\/biblekids.io\\\/pl\\\/stan-w-obronie-dobra\\\/#breadcrumb\"},\"inLanguage\":\"pl-PL\",\"potentialAction\":[{\"@type\":\"ReadAction\",\"target\":[\"https:\\\/\\\/biblekids.io\\\/pl\\\/stan-w-obronie-dobra\\\/\"]}]},{\"@type\":\"ImageObject\",\"inLanguage\":\"pl-PL\",\"@id\":\"https:\\\/\\\/biblekids.io\\\/pl\\\/stan-w-obronie-dobra\\\/#primaryimage\",\"url\":\"https:\\\/\\\/biblekids.io\\\/wp-content\\\/uploads\\\/2020\\\/11\\\/ikon_debra.png\",\"contentUrl\":\"https:\\\/\\\/biblekids.io\\\/wp-content\\\/uploads\\\/2020\\\/11\\\/ikon_debra.png\",\"width\":2480,\"height\":2190},{\"@type\":\"BreadcrumbList\",\"@id\":\"https:\\\/\\\/biblekids.io\\\/pl\\\/stan-w-obronie-dobra\\\/#breadcrumb\",\"itemListElement\":[{\"@type\":\"ListItem\",\"position\":1,\"name\":\"Hjem\",\"item\":\"https:\\\/\\\/biblekids.io\\\/ru\\\/\"},{\"@type\":\"ListItem\",\"position\":2,\"name\":\"Sta\u0144 w obronie dobra!\"}]},{\"@type\":\"WebSite\",\"@id\":\"https:\\\/\\\/biblekids.io\\\/no\\\/#website\",\"url\":\"https:\\\/\\\/biblekids.io\\\/no\\\/\",\"name\":\"Bible Kids\",\"description\":\"Historie biblijne dla dzieci\",\"potentialAction\":[{\"@type\":\"SearchAction\",\"target\":{\"@type\":\"EntryPoint\",\"urlTemplate\":\"https:\\\/\\\/biblekids.io\\\/no\\\/?s={search_term_string}\"},\"query-input\":{\"@type\":\"PropertyValueSpecification\",\"valueRequired\":true,\"valueName\":\"search_term_string\"}}],\"inLanguage\":\"pl-PL\"},{\"@type\":\"Person\",\"@id\":\"https:\\\/\\\/biblekids.io\\\/no\\\/#\\\/schema\\\/person\\\/98e151315777c437cac5d2a30edc5143\",\"name\":\"biblekids.io\",\"url\":\"https:\\\/\\\/biblekids.io\\\/pl\\\/author\\\/42677\\\/\"}]}<\/script>\n<!-- \/ Yoast SEO plugin. -->","yoast_head_json":{"title":"Sta\u0144 w obronie dobra! - Bible Kids","robots":{"index":"index","follow":"follow","max-snippet":"max-snippet:-1","max-image-preview":"max-image-preview:large","max-video-preview":"max-video-preview:-1"},"canonical":"https:\/\/biblekids.io\/pl\/stan-w-obronie-dobra\/","og_locale":"pl_PL","og_type":"article","og_title":"Sta\u0144 w obronie dobra! - Bible Kids","og_description":"W pierwszym li\u015bcie Paw\u0142a do Tymoteusza jest napisane: \u201eNiechaj ci\u0119 nikt nie lekcewa\u017cy z powodu m\u0142odego wieku, ale b\u0105d\u017a dla wierz\u0105cych wzorem w post\u0119powaniu, w mi\u0142o\u015bci, w wierze, w czysto\u015bci\u201d. B\u00f3g chce, \u017ceby\u015bmy byli przyk\u0142adem w tym, \u017ceby robi\u0107 dobrze. Musz\u0119 wi\u0119c mie\u0107 wiar\u0119 w Boga, ale te\u017c wiar\u0119 w siebie. Z Bo\u017c\u0105 pomoc\u0105 mog\u0119 sta\u0107 si\u0119 kim\u015b, kto staje w obronie dobra.","og_url":"https:\/\/biblekids.io\/pl\/stan-w-obronie-dobra\/","og_site_name":"Bible Kids","article_published_time":"2020-08-31T08:41:54+00:00","article_modified_time":"2023-01-17T07:51:12+00:00","og_image":[{"width":2480,"height":2190,"url":"https:\/\/biblekids.io\/wp-content\/uploads\/2020\/11\/ikon_debra.png","type":"image\/png"}],"author":"biblekids.io","twitter_card":"summary_large_image","twitter_misc":{"Napisane przez":"biblekids.io","Szacowany czas czytania":"1 minuta"},"schema":{"@context":"https:\/\/schema.org","@graph":[{"@type":"Article","@id":"https:\/\/biblekids.io\/pl\/stan-w-obronie-dobra\/#article","isPartOf":{"@id":"https:\/\/biblekids.io\/pl\/stan-w-obronie-dobra\/"},"author":{"name":"biblekids.io","@id":"https:\/\/biblekids.io\/no\/#\/schema\/person\/98e151315777c437cac5d2a30edc5143"},"headline":"Sta\u0144 w obronie dobra!","datePublished":"2020-08-31T08:41:54+00:00","dateModified":"2023-01-17T07:51:12+00:00","mainEntityOfPage":{"@id":"https:\/\/biblekids.io\/pl\/stan-w-obronie-dobra\/"},"wordCount":264,"image":{"@id":"https:\/\/biblekids.io\/pl\/stan-w-obronie-dobra\/#primaryimage"},"thumbnailUrl":"https:\/\/biblekids.io\/wp-content\/uploads\/2020\/11\/ikon_debra.png","articleSection":["6-11 lat","Strony tematyczne"],"inLanguage":"pl-PL"},{"@type":"WebPage","@id":"https:\/\/biblekids.io\/pl\/stan-w-obronie-dobra\/","url":"https:\/\/biblekids.io\/pl\/stan-w-obronie-dobra\/","name":"Sta\u0144 w obronie dobra! - Bible Kids","isPartOf":{"@id":"https:\/\/biblekids.io\/no\/#website"},"primaryImageOfPage":{"@id":"https:\/\/biblekids.io\/pl\/stan-w-obronie-dobra\/#primaryimage"},"image":{"@id":"https:\/\/biblekids.io\/pl\/stan-w-obronie-dobra\/#primaryimage"},"thumbnailUrl":"https:\/\/biblekids.io\/wp-content\/uploads\/2020\/11\/ikon_debra.png","datePublished":"2020-08-31T08:41:54+00:00","dateModified":"2023-01-17T07:51:12+00:00","author":{"@id":"https:\/\/biblekids.io\/no\/#\/schema\/person\/98e151315777c437cac5d2a30edc5143"},"breadcrumb":{"@id":"https:\/\/biblekids.io\/pl\/stan-w-obronie-dobra\/#breadcrumb"},"inLanguage":"pl-PL","potentialAction":[{"@type":"ReadAction","target":["https:\/\/biblekids.io\/pl\/stan-w-obronie-dobra\/"]}]},{"@type":"ImageObject","inLanguage":"pl-PL","@id":"https:\/\/biblekids.io\/pl\/stan-w-obronie-dobra\/#primaryimage","url":"https:\/\/biblekids.io\/wp-content\/uploads\/2020\/11\/ikon_debra.png","contentUrl":"https:\/\/biblekids.io\/wp-content\/uploads\/2020\/11\/ikon_debra.png","width":2480,"height":2190},{"@type":"BreadcrumbList","@id":"https:\/\/biblekids.io\/pl\/stan-w-obronie-dobra\/#breadcrumb","itemListElement":[{"@type":"ListItem","position":1,"name":"Hjem","item":"https:\/\/biblekids.io\/ru\/"},{"@type":"ListItem","position":2,"name":"Sta\u0144 w obronie dobra!"}]},{"@type":"WebSite","@id":"https:\/\/biblekids.io\/no\/#website","url":"https:\/\/biblekids.io\/no\/","name":"Bible Kids","description":"Historie biblijne dla dzieci","potentialAction":[{"@type":"SearchAction","target":{"@type":"EntryPoint","urlTemplate":"https:\/\/biblekids.io\/no\/?s={search_term_string}"},"query-input":{"@type":"PropertyValueSpecification","valueRequired":true,"valueName":"search_term_string"}}],"inLanguage":"pl-PL"},{"@type":"Person","@id":"https:\/\/biblekids.io\/no\/#\/schema\/person\/98e151315777c437cac5d2a30edc5143","name":"biblekids.io","url":"https:\/\/biblekids.io\/pl\/author\/42677\/"}]}},"_links":{"self":[{"href":"https:\/\/biblekids.io\/pl\/wp-json\/wp\/v2\/posts\/44329","targetHints":{"allow":["GET"]}}],"collection":[{"href":"https:\/\/biblekids.io\/pl\/wp-json\/wp\/v2\/posts"}],"about":[{"href":"https:\/\/biblekids.io\/pl\/wp-json\/wp\/v2\/types\/post"}],"author":[{"embeddable":true,"href":"https:\/\/biblekids.io\/pl\/wp-json\/wp\/v2\/users\/5"}],"replies":[{"embeddable":true,"href":"https:\/\/biblekids.io\/pl\/wp-json\/wp\/v2\/comments?post=44329"}],"version-history":[{"count":4,"href":"https:\/\/biblekids.io\/pl\/wp-json\/wp\/v2\/posts\/44329\/revisions"}],"predecessor-version":[{"id":57939,"href":"https:\/\/biblekids.io\/pl\/wp-json\/wp\/v2\/posts\/44329\/revisions\/57939"}],"wp:featuredmedia":[{"embeddable":true,"href":"https:\/\/biblekids.io\/pl\/wp-json\/wp\/v2\/media\/42136"}],"wp:attachment":[{"href":"https:\/\/biblekids.io\/pl\/wp-json\/wp\/v2\/media?parent=44329"}],"wp:term":[{"taxonomy":"category","embeddable":true,"href":"https:\/\/biblekids.io\/pl\/wp-json\/wp\/v2\/categories?post=44329"},{"taxonomy":"post_tag","embeddable":true,"href":"https:\/\/biblekids.io\/pl\/wp-json\/wp\/v2\/tags?post=44329"}],"curies":[{"name":"wp","href":"https:\/\/api.w.org\/{rel}","templated":true}]}}