{"id":45171,"date":"2020-11-16T14:41:03","date_gmt":"2020-11-16T13:41:03","guid":{"rendered":"https:\/\/biblekids.io\/voce-quer-acreditar\/"},"modified":"2021-01-27T11:22:26","modified_gmt":"2021-01-27T10:22:26","slug":"voce-quer-acreditar","status":"publish","type":"post","link":"https:\/\/biblekids.io\/pt-pt\/voce-quer-acreditar\/","title":{"rendered":"Voc\u00ea quer acreditar?"},"content":{"rendered":"\n\t<section class=\"section\" id=\"section_1769731061\">\n\t\t<div class=\"section-bg fill\" >\n\t\t\t\t\t\t\t\t\t\n\t\t\t\n\n\t\t<\/div>\n\n\t\t\n\n\t\t<div class=\"section-content relative\">\n\t\t\t\n<div class=\"row\"  id=\"row-1027411656\">\n\n\t<div id=\"col-1365609292\" class=\"col small-12 large-12\"  >\n\t\t\t\t<div class=\"col-inner\"  >\n\t\t\t\n\t\t\t\n<h2>MAIS SOBRE O TEMA<\/h2>\n\t\t<\/div>\n\t\t\t\t\t<\/div>\n\n\t\n\n\t<div id=\"col-253884580\" class=\"col medium-6 small-12 large-6\"  >\n\t\t\t\t<div class=\"col-inner\"  >\n\t\t\t\n\t\t\t\n<p class=\"lead\"><img loading=\"lazy\" decoding=\"async\" width=\"711\" height=\"400\" class=\"alignleft wp-image-42966\" src=\"https:\/\/biblekids.io\/wp-content\/uploads\/2020\/11\/S02E03_Bilde1-711x400.jpg\" alt=\"\"><\/p>\n\t\t<\/div>\n\t\t\t\t\t<\/div>\n\n\t\n\n\t<div id=\"col-346894643\" class=\"col medium-6 small-12 large-6\"  >\n\t\t\t\t<div class=\"col-inner\"  >\n\t\t\t\n\t\t\t\n<p class=\"lead\">Podemos aprender muito de aquilo que lemos sobre Jesus nos evangelhos. Ele vivenciou tanto pessoas que n\u00e3o queria crer quanto pessoas que tinham uma f\u00e9 t\u00e3o grande, que eles tinham convic\u00e7\u00e3o que se Jesus dissesse somente uma palavra os seus entes queridos seriam curados, ou receberiam ajuda e for\u00e7a para aquilo que necessitavam. <\/p>\n<p class=\"lead\">Neste epis\u00f3dio de Filhos de Deus conhecemos uma menina que teve um dia dif\u00edcil na escola. No pa\u00eds que ela vem, n\u00e3o \u00e9 t\u00e3o comum crer em Jesus, e ela vivenciou que os colegas de sala achavam crer algo tolo e tonto. Ela queria muito defender a sua f\u00e9 em Jesus, mas n\u00e3o foi t\u00e3o f\u00e1cil. Ela n\u00e3o podia comprovar nada, nem explicar com l\u00f3gica aquilo que ela cria.   <\/p>\n\t\t<\/div>\n\t\t\t\t\t<\/div>\n\n\t\n\n\t<div id=\"col-507990051\" class=\"col medium-6 small-12 large-6\"  >\n\t\t\t\t<div class=\"col-inner\"  >\n\t\t\t\n\t\t\t\n<p class=\"lead\">Ela veio a pensar que a sua av\u00f3 poderia tirar um vers\u00edculo, e agora era a hora ideal para isso. Ela recebeu o versiculo de 2 Cronicas 16:9. Depois disso ela come\u00e7ou a ler mais sobre Jesus e como se poderia ajudar a outros que queriam crer. Mas somente aqueles que escolheram crer puderam experimentar os mlagres de Jesus. Esta hist\u00f3ria lhe deu for\u00e7a para estar firme e n\u00e3o ceder na f\u00e9. Jesus iria acompanh\u00e1-la do c\u00e9u e fortificar ela com sua for\u00e7a. Quando ela escolhe crer isso, ent\u00e3o ela vai viver isso.      <\/p>\n\t\t<\/div>\n\t\t\t\t\t<\/div>\n\n\t\n\n\t<div id=\"col-1346370080\" class=\"col medium-6 small-12 large-6\"  >\n\t\t\t\t<div class=\"col-inner\"  >\n\t\t\t\n\t\t\t\n<p class=\"lead\"><img loading=\"lazy\" decoding=\"async\" width=\"711\" height=\"400\" class=\"alignright wp-image-42979\" src=\"https:\/\/biblekids.io\/wp-content\/uploads\/2020\/11\/S02E03_Bilde2-1-711x400.jpg\" alt=\"\"><\/p>\n\t\t<\/div>\n\t\t\t\t\t<\/div>\n\n\t\n\n\t<div id=\"col-464266684\" class=\"col small-12 large-12\"  >\n\t\t\t\t<div class=\"col-inner\"  >\n\t\t\t\n\t\t\t\n\t<div id=\"gap-1611937381\" class=\"gap-element clearfix\" style=\"display:block; height:auto;\">\n\t\t\n<style>\n#gap-1611937381 {\n  padding-top: 50px;\n}\n<\/style>\n\t<\/div>\n\t\n<h3><strong>Perguntas para o tema:<\/strong><\/h3>\n<ol>\n<li>\n<p class=\"lead\">O que Jesus disse quando ele ouviu a f\u00e9 que o Cinturi\u00e3o (Oficial) tinha, ele cria que Jesus poderia somente dizer uma palavra e o seu criado iria estar curado?<\/p>\n<p class=\"lead\">Resposta: Jesus se admirou quando ouviu isso. Ele se virou para a multid\u00e3o que o acompanhava e disse: \u201cEm verdade vos digo que nem em Israel encontrei tanta f\u00e9.\u201d <\/p>\n<\/li>\n<li>\n<p class=\"lead\">O que pode ajudar se nos sentimos pequenos e fracos na f\u00e9?<\/p>\n<p class=\"lead\">O que pode ajudar se nos sentimos pequenos e fracos na f\u00e9? Resposta: Ent\u00e3o ler na b\u00edblia pode nos ajudar. Por exemplo o vers\u00edculo em 2 Cronicas 16:9. Pode ser tamb\u00e9m uma ajuda muito grande falar com alguns mais velhos que tiveram muitas experiencias com Jesus, e que podem contar como ele os ajudou e ouviu suas ora\u00e7\u00f5es. Tamb\u00e9m ajuda muito orar mesmo, e quando vivenciamos que Jesus ouve ora\u00e7\u00f5es, ent\u00e3o somos fortificados na f\u00e9. Jesus nos ve e sabe o que \u00e9 o melhor para n\u00f3s, ent\u00e3o algumas vezes oramos por algo mas Deus talvez n\u00e3o nos da exatamente aquilo que pedimos. Mas podemos ter completa certeza que ele nos ouviu, e que ele encontrou a solu\u00e7\u00e3o que \u00e9 o melhor para n\u00f3s. Assim que podemos aprender e receber aquilo que precisamos.       <\/p>\n<\/li>\n<li>\n<p class=\"lead\"> Os Fariseus queriam que Jesus fizesse sinais e milagres para eles. Porque Jesus n\u00e3o queria dar-lhes isso? <\/p>\n<p class=\"lead\">Resposta: Porque eles n\u00e3o QUERIAM crer.<\/p>\n<\/li>\n<\/ol>\n\t\t<\/div>\n\t\t\t\t\t<\/div>\n\n\t\n<\/div>\n\t\t<\/div>\n\n\t\t\n<style>\n#section_1769731061 {\n  padding-top: 30px;\n  padding-bottom: 30px;\n  background-color: rgb(247, 247, 247);\n}\n<\/style>\n\t<\/section>\n\t\n\n\t<section class=\"section\" id=\"section_771286376\">\n\t\t<div class=\"section-bg fill\" >\n\t\t\t\t\t\t\t\t\t\n\t\t\t\n\n\t\t<\/div>\n\n\t\t\n\n\t\t<div class=\"section-content relative\">\n\t\t\t\n<div class=\"row\"  id=\"row-1930382137\">\n\n\t<div id=\"col-992346266\" class=\"col medium-4 small-12 large-4\"  >\n\t\t\t\t<div class=\"col-inner\"  >\n\t\t\t\n\t\t\t\n<blockquote>\n<p><strong>2 Cronicas 16:9<\/strong><\/p>\n<p><em>Porque, quanto ao Senhor, seus olhos passam por toda a terra, para mostrar-se forte para com aqueles cujo cora\u00e7\u00e3o \u00e9 perfeito para com ele; nisto, pois, procedeste loucamente porque desde agora haver\u00e1 guerras contra ti.<\/em><\/p>\n<\/blockquote>\n\t\t<\/div>\n\t\t\t\t\t<\/div>\n\n\t\n\n\t<div id=\"col-705714838\" class=\"col medium-4 small-12 large-4\"  >\n\t\t\t\t<div class=\"col-inner\"  >\n\t\t\t\n\t\t\t\n<blockquote>\n<p><strong>Lucas 7:9<\/strong><\/p>\n<p><em>E, ouvindo isto Jesus, maravilhou-se dele, e voltando-se, disse \u00e0 multid\u00e3o que o seguia: Digo-vos que nem ainda em Israel tenho achado tanta f\u00e9. <\/em><\/p>\n<\/blockquote>\n\t\t<\/div>\n\t\t\t\t\t<\/div>\n\n\t\n\n\t<div id=\"col-1091553146\" class=\"col medium-4 small-12 large-4\"  >\n\t\t\t\t<div class=\"col-inner\"  >\n\t\t\t\n\t\t\t\n<blockquote>\n<p><strong>Mateus 17:20<\/strong><\/p>\n<p><em>E Jesus lhes disse: Por causa de vossa incredulidade; porque em verdade vos digo que, se tiverdes f\u00e9 como um gr\u00e3o de mostarda, direis a este monte: Passa daqui para acol\u00e1, e h\u00e1 de passar; e nada vos ser\u00e1 imposs\u00edvel. <\/em><\/p>\n<\/blockquote>\n\t\t<\/div>\n\t\t\t\t\t<\/div>\n\n\t\n<\/div>\n\t\t<\/div>\n\n\t\t\n<style>\n#section_771286376 {\n  padding-top: 30px;\n  padding-bottom: 30px;\n}\n<\/style>\n\t<\/section>\n\t\n","protected":false},"excerpt":{"rendered":"<p>Crer \u00e9 uma escolha. Algo que eu fa\u00e7o porque estou consciente que \u00e9 assim. Em 2 Cr\u00f3nicas 16:9 est\u00e1 escrito: \u201cPorque, quanto ao Senhor, seus olhos passam por toda a terra, para mostrar-se forte para com aqueles cujo cora\u00e7\u00e3o \u00e9 perfeito para com ele\u201d Este vers\u00edculo \u00e9 uma promessa que podemos crer. Pensa que Jesus nos v\u00ea e nos acompanha quando temos dado nosso cora\u00e7\u00e3o para ele.     <\/p>\n","protected":false},"author":9614,"featured_media":43130,"comment_status":"closed","ping_status":"closed","sticky":false,"template":"","format":"standard","meta":{"_acf_changed":false,"bcc_login_visibility":1,"bcc_groups":[],"bcc_groups_email":true,"bcc_visibility_groups":[],"bcc_visibility_groups_email":false,"sent_notifications":[],"footnotes":"","_links_to":"","_links_to_target":""},"categories":[170,152],"tags":[],"class_list":["post-45171","post","type-post","status-publish","format-standard","has-post-thumbnail","hentry","category-6-11-anos","category-paginas-tematicas"],"acf":[],"yoast_head":"<!-- This site is optimized with the Yoast SEO plugin v27.4 - https:\/\/yoast.com\/product\/yoast-seo-wordpress\/ -->\n<title>Voc\u00ea quer acreditar? - Bible Kids<\/title>\n<meta name=\"robots\" content=\"index, follow, max-snippet:-1, max-image-preview:large, max-video-preview:-1\" \/>\n<link rel=\"canonical\" href=\"https:\/\/biblekids.io\/no\/vil-du-tro\/\" \/>\n<meta property=\"og:locale\" content=\"pt_PT\" \/>\n<meta property=\"og:type\" content=\"article\" \/>\n<meta property=\"og:title\" content=\"Voc\u00ea quer acreditar? - Bible Kids\" \/>\n<meta property=\"og:description\" content=\"Crer \u00e9 uma escolha. Algo que eu fa\u00e7o porque estou consciente que \u00e9 assim. Em 2 Cr\u00f3nicas 16:9 est\u00e1 escrito: \u201cPorque, quanto ao Senhor, seus olhos passam por toda a terra, para mostrar-se forte para com aqueles cujo cora\u00e7\u00e3o \u00e9 perfeito para com ele\u201d Este vers\u00edculo \u00e9 uma promessa que podemos crer. Pensa que Jesus nos v\u00ea e nos acompanha quando temos dado nosso cora\u00e7\u00e3o para ele.\" \/>\n<meta property=\"og:url\" content=\"https:\/\/biblekids.io\/no\/vil-du-tro\/\" \/>\n<meta property=\"og:site_name\" content=\"Bible Kids\" \/>\n<meta property=\"article:published_time\" content=\"2020-11-16T13:41:03+00:00\" \/>\n<meta property=\"article:modified_time\" content=\"2021-01-27T10:22:26+00:00\" \/>\n<meta property=\"og:image\" content=\"https:\/\/biblekids.io\/wp-content\/uploads\/2020\/11\/ikon_guba_s02_03-1191x800.png\" \/>\n\t<meta property=\"og:image:width\" content=\"1191\" \/>\n\t<meta property=\"og:image:height\" content=\"800\" \/>\n\t<meta property=\"og:image:type\" content=\"image\/png\" \/>\n<meta name=\"author\" content=\"15974\" \/>\n<meta name=\"twitter:card\" content=\"summary_large_image\" \/>\n<meta name=\"twitter:label1\" content=\"Escrito por\" \/>\n\t<meta name=\"twitter:data1\" content=\"15974\" \/>\n\t<meta name=\"twitter:label2\" content=\"Tempo estimado de leitura\" \/>\n\t<meta name=\"twitter:data2\" content=\"3 minutos\" \/>\n<script type=\"application\/ld+json\" class=\"yoast-schema-graph\">{\"@context\":\"https:\\\/\\\/schema.org\",\"@graph\":[{\"@type\":\"Article\",\"@id\":\"https:\\\/\\\/biblekids.io\\\/no\\\/vil-du-tro\\\/#article\",\"isPartOf\":{\"@id\":\"https:\\\/\\\/biblekids.io\\\/no\\\/vil-du-tro\\\/\"},\"author\":{\"name\":\"15974\",\"@id\":\"https:\\\/\\\/biblekids.io\\\/no\\\/#\\\/schema\\\/person\\\/ae014485a07253d1fc2a399d0bc7bf22\"},\"headline\":\"Voc\u00ea quer acreditar?\",\"datePublished\":\"2020-11-16T13:41:03+00:00\",\"dateModified\":\"2021-01-27T10:22:26+00:00\",\"mainEntityOfPage\":{\"@id\":\"https:\\\/\\\/biblekids.io\\\/no\\\/vil-du-tro\\\/\"},\"wordCount\":647,\"image\":{\"@id\":\"https:\\\/\\\/biblekids.io\\\/no\\\/vil-du-tro\\\/#primaryimage\"},\"thumbnailUrl\":\"https:\\\/\\\/biblekids.io\\\/wp-content\\\/uploads\\\/2020\\\/11\\\/ikon_guba_s02_03.png\",\"articleSection\":[\"6-11 anos\",\"P\u00e1ginas tem\u00e1ticas\"],\"inLanguage\":\"pt-PT\"},{\"@type\":\"WebPage\",\"@id\":\"https:\\\/\\\/biblekids.io\\\/no\\\/vil-du-tro\\\/\",\"url\":\"https:\\\/\\\/biblekids.io\\\/no\\\/vil-du-tro\\\/\",\"name\":\"Voc\u00ea quer acreditar? - Bible Kids\",\"isPartOf\":{\"@id\":\"https:\\\/\\\/biblekids.io\\\/no\\\/#website\"},\"primaryImageOfPage\":{\"@id\":\"https:\\\/\\\/biblekids.io\\\/no\\\/vil-du-tro\\\/#primaryimage\"},\"image\":{\"@id\":\"https:\\\/\\\/biblekids.io\\\/no\\\/vil-du-tro\\\/#primaryimage\"},\"thumbnailUrl\":\"https:\\\/\\\/biblekids.io\\\/wp-content\\\/uploads\\\/2020\\\/11\\\/ikon_guba_s02_03.png\",\"datePublished\":\"2020-11-16T13:41:03+00:00\",\"dateModified\":\"2021-01-27T10:22:26+00:00\",\"author\":{\"@id\":\"https:\\\/\\\/biblekids.io\\\/no\\\/#\\\/schema\\\/person\\\/ae014485a07253d1fc2a399d0bc7bf22\"},\"breadcrumb\":{\"@id\":\"https:\\\/\\\/biblekids.io\\\/no\\\/vil-du-tro\\\/#breadcrumb\"},\"inLanguage\":\"pt-PT\",\"potentialAction\":[{\"@type\":\"ReadAction\",\"target\":[\"https:\\\/\\\/biblekids.io\\\/no\\\/vil-du-tro\\\/\"]}]},{\"@type\":\"ImageObject\",\"inLanguage\":\"pt-PT\",\"@id\":\"https:\\\/\\\/biblekids.io\\\/no\\\/vil-du-tro\\\/#primaryimage\",\"url\":\"https:\\\/\\\/biblekids.io\\\/wp-content\\\/uploads\\\/2020\\\/11\\\/ikon_guba_s02_03.png\",\"contentUrl\":\"https:\\\/\\\/biblekids.io\\\/wp-content\\\/uploads\\\/2020\\\/11\\\/ikon_guba_s02_03.png\",\"width\":2224,\"height\":1494,\"caption\":\"Faith is a choice\"},{\"@type\":\"BreadcrumbList\",\"@id\":\"https:\\\/\\\/biblekids.io\\\/no\\\/vil-du-tro\\\/#breadcrumb\",\"itemListElement\":[{\"@type\":\"ListItem\",\"position\":1,\"name\":\"Hjem\",\"item\":\"https:\\\/\\\/biblekids.io\\\/pt-pt\\\/\"},{\"@type\":\"ListItem\",\"position\":2,\"name\":\"Voc\u00ea quer acreditar?\"}]},{\"@type\":\"WebSite\",\"@id\":\"https:\\\/\\\/biblekids.io\\\/no\\\/#website\",\"url\":\"https:\\\/\\\/biblekids.io\\\/no\\\/\",\"name\":\"Bible Kids\",\"description\":\"Hist\u00f3rias da B\u00edblia para crian\u00e7as\",\"potentialAction\":[{\"@type\":\"SearchAction\",\"target\":{\"@type\":\"EntryPoint\",\"urlTemplate\":\"https:\\\/\\\/biblekids.io\\\/no\\\/?s={search_term_string}\"},\"query-input\":{\"@type\":\"PropertyValueSpecification\",\"valueRequired\":true,\"valueName\":\"search_term_string\"}}],\"inLanguage\":\"pt-PT\"},{\"@type\":\"Person\",\"@id\":\"https:\\\/\\\/biblekids.io\\\/no\\\/#\\\/schema\\\/person\\\/ae014485a07253d1fc2a399d0bc7bf22\",\"name\":\"15974\",\"url\":\"https:\\\/\\\/biblekids.io\\\/pt-pt\\\/author\\\/15974\\\/\"}]}<\/script>\n<!-- \/ Yoast SEO plugin. -->","yoast_head_json":{"title":"Voc\u00ea quer acreditar? - Bible Kids","robots":{"index":"index","follow":"follow","max-snippet":"max-snippet:-1","max-image-preview":"max-image-preview:large","max-video-preview":"max-video-preview:-1"},"canonical":"https:\/\/biblekids.io\/no\/vil-du-tro\/","og_locale":"pt_PT","og_type":"article","og_title":"Voc\u00ea quer acreditar? - Bible Kids","og_description":"Crer \u00e9 uma escolha. Algo que eu fa\u00e7o porque estou consciente que \u00e9 assim. Em 2 Cr\u00f3nicas 16:9 est\u00e1 escrito: \u201cPorque, quanto ao Senhor, seus olhos passam por toda a terra, para mostrar-se forte para com aqueles cujo cora\u00e7\u00e3o \u00e9 perfeito para com ele\u201d Este vers\u00edculo \u00e9 uma promessa que podemos crer. Pensa que Jesus nos v\u00ea e nos acompanha quando temos dado nosso cora\u00e7\u00e3o para ele.","og_url":"https:\/\/biblekids.io\/no\/vil-du-tro\/","og_site_name":"Bible Kids","article_published_time":"2020-11-16T13:41:03+00:00","article_modified_time":"2021-01-27T10:22:26+00:00","og_image":[{"width":1191,"height":800,"url":"https:\/\/biblekids.io\/wp-content\/uploads\/2020\/11\/ikon_guba_s02_03-1191x800.png","type":"image\/png"}],"author":"15974","twitter_card":"summary_large_image","twitter_misc":{"Escrito por":"15974","Tempo estimado de leitura":"3 minutos"},"schema":{"@context":"https:\/\/schema.org","@graph":[{"@type":"Article","@id":"https:\/\/biblekids.io\/no\/vil-du-tro\/#article","isPartOf":{"@id":"https:\/\/biblekids.io\/no\/vil-du-tro\/"},"author":{"name":"15974","@id":"https:\/\/biblekids.io\/no\/#\/schema\/person\/ae014485a07253d1fc2a399d0bc7bf22"},"headline":"Voc\u00ea quer acreditar?","datePublished":"2020-11-16T13:41:03+00:00","dateModified":"2021-01-27T10:22:26+00:00","mainEntityOfPage":{"@id":"https:\/\/biblekids.io\/no\/vil-du-tro\/"},"wordCount":647,"image":{"@id":"https:\/\/biblekids.io\/no\/vil-du-tro\/#primaryimage"},"thumbnailUrl":"https:\/\/biblekids.io\/wp-content\/uploads\/2020\/11\/ikon_guba_s02_03.png","articleSection":["6-11 anos","P\u00e1ginas tem\u00e1ticas"],"inLanguage":"pt-PT"},{"@type":"WebPage","@id":"https:\/\/biblekids.io\/no\/vil-du-tro\/","url":"https:\/\/biblekids.io\/no\/vil-du-tro\/","name":"Voc\u00ea quer acreditar? - Bible Kids","isPartOf":{"@id":"https:\/\/biblekids.io\/no\/#website"},"primaryImageOfPage":{"@id":"https:\/\/biblekids.io\/no\/vil-du-tro\/#primaryimage"},"image":{"@id":"https:\/\/biblekids.io\/no\/vil-du-tro\/#primaryimage"},"thumbnailUrl":"https:\/\/biblekids.io\/wp-content\/uploads\/2020\/11\/ikon_guba_s02_03.png","datePublished":"2020-11-16T13:41:03+00:00","dateModified":"2021-01-27T10:22:26+00:00","author":{"@id":"https:\/\/biblekids.io\/no\/#\/schema\/person\/ae014485a07253d1fc2a399d0bc7bf22"},"breadcrumb":{"@id":"https:\/\/biblekids.io\/no\/vil-du-tro\/#breadcrumb"},"inLanguage":"pt-PT","potentialAction":[{"@type":"ReadAction","target":["https:\/\/biblekids.io\/no\/vil-du-tro\/"]}]},{"@type":"ImageObject","inLanguage":"pt-PT","@id":"https:\/\/biblekids.io\/no\/vil-du-tro\/#primaryimage","url":"https:\/\/biblekids.io\/wp-content\/uploads\/2020\/11\/ikon_guba_s02_03.png","contentUrl":"https:\/\/biblekids.io\/wp-content\/uploads\/2020\/11\/ikon_guba_s02_03.png","width":2224,"height":1494,"caption":"Faith is a choice"},{"@type":"BreadcrumbList","@id":"https:\/\/biblekids.io\/no\/vil-du-tro\/#breadcrumb","itemListElement":[{"@type":"ListItem","position":1,"name":"Hjem","item":"https:\/\/biblekids.io\/pt-pt\/"},{"@type":"ListItem","position":2,"name":"Voc\u00ea quer acreditar?"}]},{"@type":"WebSite","@id":"https:\/\/biblekids.io\/no\/#website","url":"https:\/\/biblekids.io\/no\/","name":"Bible Kids","description":"Hist\u00f3rias da B\u00edblia para crian\u00e7as","potentialAction":[{"@type":"SearchAction","target":{"@type":"EntryPoint","urlTemplate":"https:\/\/biblekids.io\/no\/?s={search_term_string}"},"query-input":{"@type":"PropertyValueSpecification","valueRequired":true,"valueName":"search_term_string"}}],"inLanguage":"pt-PT"},{"@type":"Person","@id":"https:\/\/biblekids.io\/no\/#\/schema\/person\/ae014485a07253d1fc2a399d0bc7bf22","name":"15974","url":"https:\/\/biblekids.io\/pt-pt\/author\/15974\/"}]}},"_links":{"self":[{"href":"https:\/\/biblekids.io\/pt-pt\/wp-json\/wp\/v2\/posts\/45171","targetHints":{"allow":["GET"]}}],"collection":[{"href":"https:\/\/biblekids.io\/pt-pt\/wp-json\/wp\/v2\/posts"}],"about":[{"href":"https:\/\/biblekids.io\/pt-pt\/wp-json\/wp\/v2\/types\/post"}],"author":[{"embeddable":true,"href":"https:\/\/biblekids.io\/pt-pt\/wp-json\/wp\/v2\/users\/9614"}],"replies":[{"embeddable":true,"href":"https:\/\/biblekids.io\/pt-pt\/wp-json\/wp\/v2\/comments?post=45171"}],"version-history":[{"count":0,"href":"https:\/\/biblekids.io\/pt-pt\/wp-json\/wp\/v2\/posts\/45171\/revisions"}],"wp:featuredmedia":[{"embeddable":true,"href":"https:\/\/biblekids.io\/pt-pt\/wp-json\/wp\/v2\/media\/43130"}],"wp:attachment":[{"href":"https:\/\/biblekids.io\/pt-pt\/wp-json\/wp\/v2\/media?parent=45171"}],"wp:term":[{"taxonomy":"category","embeddable":true,"href":"https:\/\/biblekids.io\/pt-pt\/wp-json\/wp\/v2\/categories?post=45171"},{"taxonomy":"post_tag","embeddable":true,"href":"https:\/\/biblekids.io\/pt-pt\/wp-json\/wp\/v2\/tags?post=45171"}],"curies":[{"name":"wp","href":"https:\/\/api.w.org\/{rel}","templated":true}]}}